{"id":154730,"date":"2020-01-24T17:18:55","date_gmt":"2020-01-24T16:18:55","guid":{"rendered":"https:\/\/die-webzeitung.de\/ludwigsburg\/?p=154730"},"modified":"2020-01-24T18:24:54","modified_gmt":"2020-01-24T17:24:54","slug":"eilmeldung-verletzte-und-tote-in-rot-am-see","status":"publish","type":"post","link":"https:\/\/die-webzeitung.de\/ludwigsburg\/2020\/01\/24\/eilmeldung-verletzte-und-tote-in-rot-am-see\/","title":{"rendered":"Familiendrama: 26-j\u00e4hriger erschie\u00dft sechs Personen"},"content":{"rendered":"<p style=\"text-align: justify;\">Schw\u00e4bisch Hall-Rot am See.|\u00a0In Rot am See wurden am Freitagmittag (24.01.2020) zwei Menschen verletzt und sechs get\u00f6tet. Ein 26-j\u00e4hriger Tatverd\u00e4chtiger hat sich der Polizei gestellt und wurde noch am Tatort festgenommen. Die Ermittlungsbeh\u00f6rden gehen von einem Familiendrama aus.<\/p>\n<p style=\"text-align: justify;\">Um 12.48 Uhr meldete sich der Beschuldigte selbst \u00fcber Notruf beim F\u00fchrungs- und Lagezentrum des Polizeipr\u00e4sidiums Aalen und gab an, dass er soeben mehrere Personen erschossen habe. Die telefonische Verbindung mit dem Mann wurde so lange aufrechterhalten bis um 12:57 Uhr die ersten Beamten des Polizeireviers Crailsheim am Tatort eintrafen. Auf telefonische Anweisung hin begab sich der Mann vor das Geb\u00e4ude und lie\u00df sich widerstandslos festnehmen.<\/p>\n<p style=\"text-align: justify;\">Hinter und in dem Geb\u00e4ude wurden von den eingesetzten Beamten sechs get\u00f6tete und zwei schwerverletzte Personen aufgefunden. Bei den Get\u00f6teten handelt es sich um den 65 Jahre alten Vater, die 56-j\u00e4hrige Mutter, zwei weitere M\u00e4nner im Alter von 36 und 69 Jahren und zwei weitere Frauen im Alter von 36 und 62 Jahren, die ebenfalls in einem noch nicht g\u00e4nzlich verifizierten verwandtschaftlichen Verh\u00e4ltnis zum Beschuldigten stehen. Au\u00dferdem wurden ein Mann und eine Frau durch Sch\u00fcsse schwer verletzt; eine der Personen schwebt in Lebensgefahr. In welchem Beziehungsverh\u00e4ltnis diese beiden ausw\u00e4rtigen Personen zum Tatverd\u00e4chtigen stehen, ist Gegenstand der Ermittlungen.<\/p>\n<p style=\"text-align: justify;\">Sowohl der Beschuldigte als auch s\u00e4mtliche Opfer haben die deutsche Staatsangeh\u00f6rigkeit.<\/p>\n<p style=\"text-align: justify;\">Nach bisherigen Erkenntnissen wurden bei dem Vorfall auch zwei Jugendliche im Alter von 12 und 14 Jahren, die ebenfalls mit dem mutma\u00dflichen T\u00e4ter verwandt sind, bedroht, aber nach derzeitigem Kenntnisstand nicht k\u00f6rperlich verletzt.<\/p>\n<p style=\"text-align: justify;\">Der Beschuldigte ist im Tatobjekt wohnhaft und strafrechtlich bislang noch nicht in Erscheinung getreten. Er verf\u00fcgte \u00fcber eine waffenrechtliche Erlaubnis und war damit nach derzeitigem Ermittlungstand legal im Besitz einer halbautomatischen Pistole, 9 mm.<\/p>\n<p style=\"text-align: justify;\">Die Polizei war mit einem Gro\u00dfaufgebot vor Ort. Es waren etwa 100 Kr\u00e4fte, sowohl von der Schutz- als auch von der Kriminalpolizei, im Einsatz. Das Polizeipr\u00e4sidium Aalen wurde durch Beamte des kriminaltechnischen Institutes vom Landeskriminalamt Baden-W\u00fcrttemberg bei der Tatortarbeit unterst\u00fctzt. Der Rettungsdienst befand sich mit rund 30 Einsatzkr\u00e4ften an der Tat\u00f6rtlichkeit.<\/p>\n<p style=\"text-align: justify;\">Zum Motiv und den Hintergr\u00fcnden der Tat liegen noch keine Erkenntnisse vor. Die Ermittlungen der Staatsanwaltschaft Ellwangen und der Polizei dauern an. Der Beschuldigte gilt bis zu einer rechtskr\u00e4ftigen Verurteilung durch ein Gericht als unschuldig.<\/p>\n<hr \/>\n<p style=\"text-align: justify;\">\n","protected":false},"excerpt":{"rendered":"<p>Schw\u00e4bisch Hall-Rot am See.|\u00a0In Rot am See wurden am Freitagmittag (24.01.2020) zwei Menschen verletzt und sechs get\u00f6tet. Ein 26-j\u00e4hriger Tatverd\u00e4chtiger hat sich der Polizei gestellt und wurde noch am Tatort festgenommen. Die Ermittlungsbeh\u00f6rden gehen von einem Familiendrama aus. Um 12.48 Uhr meldete sich der Beschuldigte selbst \u00fcber Notruf beim F\u00fchrungs- und Lagezentrum des Polizeipr\u00e4sidiums Aalen [&hellip;]<\/p>\n","protected":false},"author":4,"featured_media":0,"comment_status":"closed","ping_status":"open","sticky":false,"template":"","format":"standard","meta":{"inline_featured_image":false,"_exactmetrics_skip_tracking":false,"_exactmetrics_sitenote_active":false,"_exactmetrics_sitenote_note":"","_exactmetrics_sitenote_category":0,"tdm_status":"","tdm_grid_status":"","footnotes":""},"categories":[59,2402],"tags":[3090,10964,10963,410,2316],"class_list":{"0":"post-154730","1":"post","2":"type-post","3":"status-publish","4":"format-standard","6":"category-aktuell","7":"category-baden-wuerttemberg","8":"tag-rot","9":"tag-schuesse","10":"tag-see","11":"tag-tote","12":"tag-verletzte"},"image_feature":null,"author_name":"Redaktion","pure_taxonomies":{"categories":[{"term_id":59,"name":"Aktuell","slug":"aktuell","term_group":0,"term_taxonomy_id":60,"taxonomy":"category","description":"","parent":0,"count":1175,"filter":"raw","image":""},{"term_id":2402,"name":"Baden-W\u00fcrttemberg","slug":"baden-wuerttemberg","term_group":0,"term_taxonomy_id":2414,"taxonomy":"category","description":"","parent":171,"count":248,"filter":"raw","image":""}],"tags":[{"term_id":3090,"name":"rot","slug":"rot","term_group":0,"term_taxonomy_id":3103,"taxonomy":"post_tag","description":"","parent":0,"count":1,"filter":"raw","image":""},{"term_id":10964,"name":"Sch\u00fcsse","slug":"schuesse","term_group":0,"term_taxonomy_id":10965,"taxonomy":"post_tag","description":"","parent":0,"count":1,"filter":"raw","image":""},{"term_id":10963,"name":"See","slug":"see","term_group":0,"term_taxonomy_id":10964,"taxonomy":"post_tag","description":"","parent":0,"count":1,"filter":"raw","image":""},{"term_id":410,"name":"Tote","slug":"tote","term_group":0,"term_taxonomy_id":417,"taxonomy":"post_tag","description":"","parent":0,"count":1,"filter":"raw","image":""},{"term_id":2316,"name":"Verletzte","slug":"verletzte","term_group":0,"term_taxonomy_id":2328,"taxonomy":"post_tag","description":"","parent":0,"count":1,"filter":"raw","image":""}]},"_links":{"self":[{"href":"https:\/\/die-webzeitung.de\/ludwigsburg\/wp-json\/wp\/v2\/posts\/154730","targetHints":{"allow":["GET"]}}],"collection":[{"href":"https:\/\/die-webzeitung.de\/ludwigsburg\/wp-json\/wp\/v2\/posts"}],"about":[{"href":"https:\/\/die-webzeitung.de\/ludwigsburg\/wp-json\/wp\/v2\/types\/post"}],"author":[{"embeddable":true,"href":"https:\/\/die-webzeitung.de\/ludwigsburg\/wp-json\/wp\/v2\/users\/4"}],"replies":[{"embeddable":true,"href":"https:\/\/die-webzeitung.de\/ludwigsburg\/wp-json\/wp\/v2\/comments?post=154730"}],"version-history":[{"count":4,"href":"https:\/\/die-webzeitung.de\/ludwigsburg\/wp-json\/wp\/v2\/posts\/154730\/revisions"}],"predecessor-version":[{"id":154752,"href":"https:\/\/die-webzeitung.de\/ludwigsburg\/wp-json\/wp\/v2\/posts\/154730\/revisions\/154752"}],"wp:attachment":[{"href":"https:\/\/die-webzeitung.de\/ludwigsburg\/wp-json\/wp\/v2\/media?parent=154730"}],"wp:term":[{"taxonomy":"category","embeddable":true,"href":"https:\/\/die-webzeitung.de\/ludwigsburg\/wp-json\/wp\/v2\/categories?post=154730"},{"taxonomy":"post_tag","embeddable":true,"href":"https:\/\/die-webzeitung.de\/ludwigsburg\/wp-json\/wp\/v2\/tags?post=154730"}],"curies":[{"name":"wp","href":"https:\/\/api.w.org\/{rel}","templated":true}]}}