{"id":154011,"date":"2019-11-22T18:21:58","date_gmt":"2019-11-22T17:21:58","guid":{"rendered":"https:\/\/die-webzeitung.de\/ludwigsburg\/?p=154011"},"modified":"2019-11-22T18:21:58","modified_gmt":"2019-11-22T17:21:58","slug":"bietigheim-will-sich-in-der-oberen-tabellenhaelfte-zurueckmelden","status":"publish","type":"post","link":"https:\/\/die-webzeitung.de\/ludwigsburg\/2019\/11\/22\/bietigheim-will-sich-in-der-oberen-tabellenhaelfte-zurueckmelden\/","title":{"rendered":"Bietigheim will sich in der oberen Tabellenh\u00e4lfte zur\u00fcckmelden"},"content":{"rendered":"<p style=\"text-align: justify;\"><em>von Bernhard Gaus<\/em><\/p>\n<p style=\"text-align: justify;\">Bietigheim-Bissingen.|\u00a0 Am Samstag (23.11.2019 um 19.30 Uhr, EgeTrans Arena Bietigheim) lebt das dramatische Saisonfinale der Handball-Bundesliga aus der zur\u00fcckliegenden Saison noch einmal auf, wenn am 13. Spieltag die SG BBM Bietigheim im Duell der beiden Absteiger den VfL Gummersbach erwartet.<\/p>\n<p style=\"text-align: justify;\">Unvermeidlich wird der Geist des 9. Juni 2019 noch einmal durch die EgeTrans Arena wehen, jenes an Spannung nicht zu \u00fcberbietenden finalen Spieles vor ausverkauftem Haus, das durch das 25:25-Unentschieden zwischen Bietigheim und Gummersbach am Ende nur Verlierer kannte und beide Teams gemeinsam in die 2.HBL st\u00fcrzte.<\/p>\n<p style=\"text-align: justify;\">\u201eNat\u00fcrlich ist das Spiel bei jedem noch irgendwo im Kopf\u201c, sagt Hannes J\u00f3n J\u00f3nsson. \u201eAber innerhalb der Mannschaft haben wir nicht mehr dar\u00fcber geredet\u201c. Es sei \u00fcbrigens die einzige Begegnung in der vergangenen R\u00fcckrunde gewesen, die sich der Trainer der SG BBM nicht noch einmal im Videor\u00fcckblick angeschaut habe. \u201eAbgehakt\u201c will der Isl\u00e4nder damit wohl signalisieren und redet lieber \u00fcber die aktuelle positive Entwicklung seiner Mannschaft. \u201eF\u00fcr uns ist das Spiel gegen Gummersbach eine Chance uns zur\u00fcckzumelden\u201c, sagt der Coach des Tabellenelften.<\/p>\n<p style=\"text-align: justify;\">F\u00fcr J\u00f3nsson ist es wenig verwunderlich, dass sich der Traditionsverein aus Nordrhein-Westfalen nach kleinen Anfangsschwierigkeiten relativ schnell in der 2. HBL zurechtgefunden hat. Stolze 53 Jahre immerhin waren die Oberberger in der h\u00f6chsten Spielklasse vertreten, jetzt folgt das erste Jahr im Unterhaus. Orientierungsprobleme sind da leicht vorstellbar. Nur ein Minuspunkt trennt den VfL jedoch aktuell von einem der beiden Aufstiegspl\u00e4tze. Die Truppe von Torge Greve hat mit 15:7 Punkten auf Rang 4 direkten Kontakt zur Tabellenspitze. Sechs Siege aus den letzten sieben Partien machen Gummersbach am Samstag zum leichten Favoriten.<\/p>\n<p style=\"text-align: justify;\">\u201eEs war klar, dass Gummersbach mit diesem Kader eine Rolle spielen wird\u201c, sagt J\u00f3nsson. Zwar hat der zw\u00f6lffache Deutsche Meister sich nach dem Abstieg auf zahlreichen Positionen ver\u00e4ndert. Doch die eigentlich f\u00fcr die 1. Liga verpflichteten Verst\u00e4rkungen konnten gehalten werden. Alexander Hermann (Wetzlar) und Janko Bozovic (Emsdetten) bilden mit zusammen \u00fcber 100 Feldtoren eine wurfgewaltige R\u00fcckraumachse. Im Tor hat der Kroate Filip Ivic (Kielce) den Platz von Carsten Lichtlein eingenommen. Die Gummersbacher Defensive hat aktuell die wenigsten gegnerischen Treffer zugelassen. J\u00fcngst wurde der Kader in der Breite nochmals verst\u00e4rkt. Per Zweitspielrecht k\u00f6nnte der 19-j\u00e4hrige Alexander Weck vom Bergischen HC am Samstag seine erste Partie im Gummersbacher Trikot bestreiten.<\/p>\n<p style=\"text-align: justify;\">Und da ist nicht zuletzt Robin Haller. Der mittlerweile 33-j\u00e4hrige R\u00fcckraumspieler, dessen Vertrag nach zw\u00f6lf Spielzeiten in Bietigheim nicht mehr verl\u00e4ngert wurde, hat f\u00fcr zwei Jahre beim Mitabsteiger unterschrieben. Das Trikot des Bietigheimer Publikumslieblings h\u00e4ngt seit Juni unterm Hallendach der EgeTrans Arena &#8211; eine der ganz besonderen Geschichten rund um das Gummersbach-Spiel.<\/p>\n<p style=\"text-align: justify;\">\u201eDa spielen am Samstag zwei ambitionierte Mannschaften gegeneinander\u201c, will J\u00f3nsson auch das eigene Licht nicht unter den Scheffel stellen. \u201eIn beiden Teams steckt viel Qualit\u00e4t\u201c. Mit der j\u00fcngsten Entwicklung seines Kollektivs zeigt sich der 39-j\u00e4hrige Isl\u00e4nder zufrieden. \u201eWir haben drei sehr gute Trainingswochen hinter uns und die letzten zwei Spiele gegen Coburg und Krefeld gewonnen. Die Form stimmt.\u201c Im letzten Spiel beim stark ersatzgeschw\u00e4chten Aufsteiger HSG Krefeld waren seine Jungs allerdings wenig gefordert, das Spiel beim Tabellenletzten nach einer konzentrierten ersten H\u00e4lfte beim Stand von 8:17 bereits beim Seitenwechsel entschieden.<\/p>\n<p style=\"text-align: justify;\">\u201eIn einer solchen Situation ist mir dann wichtiger, dass alle unsere Spieler zum Einsatz kommen\u201c, sagt J\u00f3nsson, \u201eals auf ein m\u00f6gliches h\u00f6heres Ergebnis zu gehen.\u201c Das 19:26 in Krefeld markiert ohnehin den bislang h\u00f6chsten Saisonerfolg der Schwaben. Auf der rechten Angriffsseite empfahl sich Max Emanuel f\u00fcr kommende Aufgaben. Der 25-j\u00e4hrige Linksh\u00e4nder stand zuletzt einige Spiele nicht im Kader. Mario Urban kr\u00f6nte den ersten Punktspieleinsatz auf der rechten Au\u00dfenbahn mit seinem Premierentor in der 2.HBL. Am Samstag k\u00f6nnte aber auch Kreisl\u00e4ufer Jonathan Fischer nach \u00fcberstandener Fu\u00dfverletzung wieder in den Kader zur\u00fcckkehren. Linksh\u00e4nder Dominik Claus, der sich in Krefeld den Ringfinger der rechten Hand ausgekugelt hatte, stand schon im Montagstraining wieder auf der Platte.<\/p>\n<p style=\"text-align: justify;\">\u201eWorum es jetzt geht, sind frische Beine und ein frischer Kopf\u201c, sagt J\u00f3nsson und g\u00f6nnte seiner Mannschaft kurzfristig einen trainingsfreien Mittwochabend. Um die Motivation f\u00fcr den Samstagabend macht sich der Bietigheimer Trainer\u00a0 ohnehin keine Sorgen: \u201eEs geht gegen den VfL Gummersbach. Das ist unver\u00e4ndert eine Hausnummer im Handball. Da wird einfach jeder sein Bestes geben.\u201c<\/p>\n<hr \/>\n<p style=\"text-align: justify;\">\n","protected":false},"excerpt":{"rendered":"<p>von Bernhard Gaus Bietigheim-Bissingen.|\u00a0 Am Samstag (23.11.2019 um 19.30 Uhr, EgeTrans Arena Bietigheim) lebt das dramatische Saisonfinale der Handball-Bundesliga aus der zur\u00fcckliegenden Saison noch einmal auf, wenn am 13. Spieltag die SG BBM Bietigheim im Duell der beiden Absteiger den VfL Gummersbach erwartet. Unvermeidlich wird der Geist des 9. Juni 2019 noch einmal durch die [&hellip;]<\/p>\n","protected":false},"author":4,"featured_media":0,"comment_status":"closed","ping_status":"open","sticky":false,"template":"","format":"standard","meta":{"inline_featured_image":false,"_exactmetrics_skip_tracking":false,"_exactmetrics_sitenote_active":false,"_exactmetrics_sitenote_note":"","_exactmetrics_sitenote_category":0,"tdm_status":"","tdm_grid_status":"","footnotes":""},"categories":[110],"tags":[60,131,8875,133,5,68,9,196],"class_list":{"0":"post-154011","1":"post","2":"type-post","3":"status-publish","4":"format-standard","6":"category-sport","7":"tag-bietigheim-bissingen","8":"tag-bundesliga","9":"tag-die-webzeitung","10":"tag-handball","11":"tag-internetzeitung","12":"tag-online-zeitung","13":"tag-schaumedia","14":"tag-sg-bbm"},"image_feature":null,"author_name":"Redaktion","pure_taxonomies":{"categories":[{"term_id":110,"name":"Sport","slug":"sport","term_group":0,"term_taxonomy_id":112,"taxonomy":"category","description":"Sportberichte","parent":0,"count":1114,"filter":"raw","image":""}],"tags":[{"term_id":60,"name":"Bietigheim-Bissingen","slug":"bietigheim-bissingen","term_group":0,"term_taxonomy_id":61,"taxonomy":"post_tag","description":"","parent":0,"count":387,"filter":"raw","image":""},{"term_id":131,"name":"Bundesliga","slug":"bundesliga","term_group":0,"term_taxonomy_id":133,"taxonomy":"post_tag","description":"","parent":0,"count":714,"filter":"raw","image":""},{"term_id":8875,"name":"Die-Webzeitung","slug":"die-webzeitung","term_group":0,"term_taxonomy_id":8876,"taxonomy":"post_tag","description":"","parent":0,"count":4249,"filter":"raw","image":""},{"term_id":133,"name":"Handball","slug":"handball","term_group":0,"term_taxonomy_id":135,"taxonomy":"post_tag","description":"","parent":0,"count":411,"filter":"raw","image":""},{"term_id":5,"name":"Internetzeitung","slug":"internetzeitung","term_group":0,"term_taxonomy_id":5,"taxonomy":"post_tag","description":"","parent":0,"count":1533,"filter":"raw","image":""},{"term_id":68,"name":"Online-Zeitung","slug":"online-zeitung","term_group":0,"term_taxonomy_id":69,"taxonomy":"post_tag","description":"","parent":0,"count":4198,"filter":"raw","image":""},{"term_id":9,"name":"SchauMedia","slug":"schaumedia","term_group":0,"term_taxonomy_id":9,"taxonomy":"post_tag","description":"","parent":0,"count":1582,"filter":"raw","image":""},{"term_id":196,"name":"SG BBM","slug":"sg-bbm","term_group":0,"term_taxonomy_id":198,"taxonomy":"post_tag","description":"","parent":0,"count":268,"filter":"raw","image":""}]},"_links":{"self":[{"href":"https:\/\/die-webzeitung.de\/ludwigsburg\/wp-json\/wp\/v2\/posts\/154011","targetHints":{"allow":["GET"]}}],"collection":[{"href":"https:\/\/die-webzeitung.de\/ludwigsburg\/wp-json\/wp\/v2\/posts"}],"about":[{"href":"https:\/\/die-webzeitung.de\/ludwigsburg\/wp-json\/wp\/v2\/types\/post"}],"author":[{"embeddable":true,"href":"https:\/\/die-webzeitung.de\/ludwigsburg\/wp-json\/wp\/v2\/users\/4"}],"replies":[{"embeddable":true,"href":"https:\/\/die-webzeitung.de\/ludwigsburg\/wp-json\/wp\/v2\/comments?post=154011"}],"version-history":[{"count":1,"href":"https:\/\/die-webzeitung.de\/ludwigsburg\/wp-json\/wp\/v2\/posts\/154011\/revisions"}],"predecessor-version":[{"id":154012,"href":"https:\/\/die-webzeitung.de\/ludwigsburg\/wp-json\/wp\/v2\/posts\/154011\/revisions\/154012"}],"wp:attachment":[{"href":"https:\/\/die-webzeitung.de\/ludwigsburg\/wp-json\/wp\/v2\/media?parent=154011"}],"wp:term":[{"taxonomy":"category","embeddable":true,"href":"https:\/\/die-webzeitung.de\/ludwigsburg\/wp-json\/wp\/v2\/categories?post=154011"},{"taxonomy":"post_tag","embeddable":true,"href":"https:\/\/die-webzeitung.de\/ludwigsburg\/wp-json\/wp\/v2\/tags?post=154011"}],"curies":[{"name":"wp","href":"https:\/\/api.w.org\/{rel}","templated":true}]}}