{"id":153959,"date":"2019-11-19T15:50:22","date_gmt":"2019-11-19T14:50:22","guid":{"rendered":"https:\/\/die-webzeitung.de\/ludwigsburg\/?p=153959"},"modified":"2019-11-19T15:50:22","modified_gmt":"2019-11-19T14:50:22","slug":"milorad-pilipovic-neuer-cheftrainer-beim-sgv-freiberg","status":"publish","type":"post","link":"https:\/\/die-webzeitung.de\/ludwigsburg\/2019\/11\/19\/milorad-pilipovic-neuer-cheftrainer-beim-sgv-freiberg\/","title":{"rendered":"Milorad Pilipovic neuer Cheftrainer beim SGV Freiberg"},"content":{"rendered":"<p style=\"text-align: justify;\">Freiberg a. N.| Mit Milorad Pilipovic verpflichtet der SGV einen erfahrenen Fu\u00dfball-Lehrer f\u00fcr den Cheftrainer-Posten. Der 61-j\u00e4hrige trainierte in der Vergangenheit unter anderem den Bahlinger SC, den FC 08 Villingen und auch die Damenmannschaft vom SC Freiburg, die er zuerst in die Bundesliga f\u00fchrte und dort dann etablierte. In seinen Zeiten beim Bahlinger SC gelang ihm neben dem Gewinn des s\u00fcdbadischen Verbandspokals auch der Aufstieg in die Regionalliga.<\/p>\n<p style=\"text-align: justify;\">Als Profi war Pilipovic in den 1980er Jahren f\u00fcr SC Freiburg und den Karlsruher SC am Ball.<\/p>\n<p style=\"text-align: justify;\">\u201eWir freuen uns mit Milorad Pilipovic einen Trainer f\u00fcr uns gewonnen zu haben, der besonderen Wert auf Disziplin, Einsatz- und Laufbereitschaft legt. Wir sind davon \u00fcberzeugt, dass er die Mannschaft beleben und in die Erfolgsspur zur\u00fcckf\u00fchren wird\u201c, so Pr\u00e4sident Emir Cerkez bei der Trainervorstellung.<\/p>\n<p style=\"text-align: justify;\">Milorad Pilipovic erh\u00e4lt einen Vertrag bis 30.06.2021. Die beiden zuletzt als Interimstrainer t\u00e4tigen, Marcel Ivanusa und Ferdinand Gro\u00df werden ihm als Co-Trainer zur Seite stehen.<\/p>\n<hr \/>\n<p style=\"text-align: justify;\">\n","protected":false},"excerpt":{"rendered":"<p>Freiberg a. N.| Mit Milorad Pilipovic verpflichtet der SGV einen erfahrenen Fu\u00dfball-Lehrer f\u00fcr den Cheftrainer-Posten. Der 61-j\u00e4hrige trainierte in der Vergangenheit unter anderem den Bahlinger SC, den FC 08 Villingen und auch die Damenmannschaft vom SC Freiburg, die er zuerst in die Bundesliga f\u00fchrte und dort dann etablierte. In seinen Zeiten beim Bahlinger SC gelang [&hellip;]<\/p>\n","protected":false},"author":4,"featured_media":0,"comment_status":"closed","ping_status":"open","sticky":false,"template":"","format":"standard","meta":{"inline_featured_image":false,"_exactmetrics_skip_tracking":false,"_exactmetrics_sitenote_active":false,"_exactmetrics_sitenote_note":"","_exactmetrics_sitenote_category":0,"tdm_status":"","tdm_grid_status":"","footnotes":""},"categories":[110],"tags":[8875,80,129,5,1080,68,9],"class_list":{"0":"post-153959","1":"post","2":"type-post","3":"status-publish","4":"format-standard","6":"category-sport","7":"tag-die-webzeitung","8":"tag-freiberger-seite","9":"tag-fusball","10":"tag-internetzeitung","11":"tag-oberliga","12":"tag-online-zeitung","13":"tag-schaumedia"},"image_feature":null,"author_name":"Redaktion","pure_taxonomies":{"categories":[{"term_id":110,"name":"Sport","slug":"sport","term_group":0,"term_taxonomy_id":112,"taxonomy":"category","description":"Sportberichte","parent":0,"count":1114,"filter":"raw","image":""}],"tags":[{"term_id":8875,"name":"Die-Webzeitung","slug":"die-webzeitung","term_group":0,"term_taxonomy_id":8876,"taxonomy":"post_tag","description":"","parent":0,"count":4249,"filter":"raw","image":""},{"term_id":80,"name":"Freiberg","slug":"freiberger-seite","term_group":0,"term_taxonomy_id":95,"taxonomy":"post_tag","description":"","parent":0,"count":122,"filter":"raw","image":""},{"term_id":129,"name":"Fu\u00dfball","slug":"fusball","term_group":0,"term_taxonomy_id":131,"taxonomy":"post_tag","description":"","parent":0,"count":189,"filter":"raw","image":""},{"term_id":5,"name":"Internetzeitung","slug":"internetzeitung","term_group":0,"term_taxonomy_id":5,"taxonomy":"post_tag","description":"","parent":0,"count":1533,"filter":"raw","image":""},{"term_id":1080,"name":"Oberliga","slug":"oberliga","term_group":0,"term_taxonomy_id":1089,"taxonomy":"post_tag","description":"","parent":0,"count":47,"filter":"raw","image":""},{"term_id":68,"name":"Online-Zeitung","slug":"online-zeitung","term_group":0,"term_taxonomy_id":69,"taxonomy":"post_tag","description":"","parent":0,"count":4198,"filter":"raw","image":""},{"term_id":9,"name":"SchauMedia","slug":"schaumedia","term_group":0,"term_taxonomy_id":9,"taxonomy":"post_tag","description":"","parent":0,"count":1582,"filter":"raw","image":""}]},"_links":{"self":[{"href":"https:\/\/die-webzeitung.de\/ludwigsburg\/wp-json\/wp\/v2\/posts\/153959","targetHints":{"allow":["GET"]}}],"collection":[{"href":"https:\/\/die-webzeitung.de\/ludwigsburg\/wp-json\/wp\/v2\/posts"}],"about":[{"href":"https:\/\/die-webzeitung.de\/ludwigsburg\/wp-json\/wp\/v2\/types\/post"}],"author":[{"embeddable":true,"href":"https:\/\/die-webzeitung.de\/ludwigsburg\/wp-json\/wp\/v2\/users\/4"}],"replies":[{"embeddable":true,"href":"https:\/\/die-webzeitung.de\/ludwigsburg\/wp-json\/wp\/v2\/comments?post=153959"}],"version-history":[{"count":1,"href":"https:\/\/die-webzeitung.de\/ludwigsburg\/wp-json\/wp\/v2\/posts\/153959\/revisions"}],"predecessor-version":[{"id":153960,"href":"https:\/\/die-webzeitung.de\/ludwigsburg\/wp-json\/wp\/v2\/posts\/153959\/revisions\/153960"}],"wp:attachment":[{"href":"https:\/\/die-webzeitung.de\/ludwigsburg\/wp-json\/wp\/v2\/media?parent=153959"}],"wp:term":[{"taxonomy":"category","embeddable":true,"href":"https:\/\/die-webzeitung.de\/ludwigsburg\/wp-json\/wp\/v2\/categories?post=153959"},{"taxonomy":"post_tag","embeddable":true,"href":"https:\/\/die-webzeitung.de\/ludwigsburg\/wp-json\/wp\/v2\/tags?post=153959"}],"curies":[{"name":"wp","href":"https:\/\/api.w.org\/{rel}","templated":true}]}}