{"id":153254,"date":"2019-10-01T13:56:33","date_gmt":"2019-10-01T12:56:33","guid":{"rendered":"https:\/\/die-webzeitung.de\/ludwigsburg\/?p=153254"},"modified":"2019-10-01T13:56:33","modified_gmt":"2019-10-01T12:56:33","slug":"fruehzeitig-vorsorgen-bu-fuer-junge-leute","status":"publish","type":"post","link":"https:\/\/die-webzeitung.de\/ludwigsburg\/2019\/10\/01\/fruehzeitig-vorsorgen-bu-fuer-junge-leute\/","title":{"rendered":"Fr\u00fchzeitig vorsorgen: BU f\u00fcr junge Leute"},"content":{"rendered":"<p style=\"text-align: justify;\"><strong>Die Schule endet, etwas Neues beginnt: Im Herbst starten viele ehemalige Sch\u00fcler ein Studium. Damit stehen oftmals finanzielle Entscheidungen an. Meist spielt die Absicherung der eigenen Arbeitskraft in dieser Lebensphase noch keine Rolle, doch k\u00f6nnen Krankheiten und Unf\u00e4lle auch junge Menschen finanziell aus der Bahn werfen. Die W\u00fcrttembergische Lebensversicherung, ein Unternehmen der W\u00fcstenrot &amp; W\u00fcrttembergische-Gruppe (W&amp;W), erkl\u00e4rt, <\/strong><strong>warum eine Berufsunf\u00e4higkeitsversicherung (BU) bereits f\u00fcr Studenten und Auszubildende ratsam ist.<\/strong><\/p>\n<p style=\"text-align: justify;\">Das erste Auto f\u00fcr die Fahrt zur Uni ist versichert, doch die eigene Arbeitskraft oft nicht. Selbst in akademischen Berufen, die kein hohes Risiko f\u00fcr Verletzungen oder Arbeitsunf\u00e4lle bergen, ist ein BU-Schutz empfehlenswert. Mittlerweile gehen beispielsweise fast sieben Prozent aller F\u00e4lle von Berufsunf\u00e4higkeit auf Krankheiten des Nervensystems zur\u00fcck. Psychische Belastungen wie Burnout machen sogar 43 Prozent aus.<\/p>\n<p style=\"text-align: justify;\"><strong>BU auch ohne Beruf sinnvoll<br \/>\n<\/strong>Studenten \u00fcben zwar noch keinen konkreten Beruf im eigentlichen Sinne aus, haben jedoch einen Studienalltag, Exkursionen und eine stressige Klausurenphase. Die BU springt bereits dann ein, wenn das Studium mindestens zu 50 Prozent nicht mehr bestritten werden kann. Aber auch Azubis k\u00f6nnen durch eine schwere Krankheit oder einen Unfall berufsunf\u00e4hig werden. Hinzu kommt: Wer in jungen Jahren berufsunf\u00e4hig wird, hat keine M\u00f6glichkeit, f\u00fcr das Alter Geld zu sparen.<\/p>\n<p style=\"text-align: justify;\"><strong>Fr\u00fcher Abschluss \u2013 g\u00fcnstiger Schutz f\u00fcr die Zukunft<br \/>\n<\/strong>Es ist daher sinnvoll, eine BU so fr\u00fch wie m\u00f6glich abzuschlie\u00dfen, da junge Menschen in der Regel noch keine ernsthaften gesundheitlichen Beschwerden haben oder einen potenziell gef\u00e4hrlichen Job aus\u00fcben. Zudem sind die Tarife umso g\u00fcnstiger, je fr\u00fcher man in die Versicherung eintritt. Mit dem Abschluss einer Berufsunf\u00e4higkeitsversicherung in jungen Jahren sichert sich der Student oder Auszubildende daher einen g\u00fcnstigen Schutz seiner Arbeitskraft f\u00fcr die Zukunft.<\/p>\n<p style=\"text-align: justify;\">Wer gesund und bis zum Alter von 30 Jahren beispielsweise mit der Einsteiger-BU der W\u00fcrttembergischen startet, profitiert von g\u00fcnstigen Beitr\u00e4gen bis zum Ende der Laufzeit. Mit dem Produktmerkmal der Berufsverbesserung ist dem Kunden bis zum 30. Lebensjahr die M\u00f6glichkeit geboten, mit jedem Berufswechsel eine Beitragsreduzierung pr\u00fcfen zu lassen. Eine Schlechterstellung ist ausgeschlossen. Der Abschluss des BU-Tarifs ist bereits ab dem 10. Geburtstag m\u00f6glich.<\/p>\n<hr \/>\n<p style=\"text-align: justify;\">\n","protected":false},"excerpt":{"rendered":"<p>Die Schule endet, etwas Neues beginnt: Im Herbst starten viele ehemalige Sch\u00fcler ein Studium. Damit stehen oftmals finanzielle Entscheidungen an. Meist spielt die Absicherung der eigenen Arbeitskraft in dieser Lebensphase noch keine Rolle, doch k\u00f6nnen Krankheiten und Unf\u00e4lle auch junge Menschen finanziell aus der Bahn werfen. Die W\u00fcrttembergische Lebensversicherung, ein Unternehmen der W\u00fcstenrot &amp; W\u00fcrttembergische-Gruppe [&hellip;]<\/p>\n","protected":false},"author":4,"featured_media":0,"comment_status":"closed","ping_status":"open","sticky":false,"template":"","format":"standard","meta":{"inline_featured_image":false,"_exactmetrics_skip_tracking":false,"_exactmetrics_sitenote_active":false,"_exactmetrics_sitenote_note":"","_exactmetrics_sitenote_category":0,"tdm_status":"","tdm_grid_status":"","footnotes":""},"categories":[8],"tags":[10814,8875,5,68,18],"class_list":{"0":"post-153254","1":"post","2":"type-post","3":"status-publish","4":"format-standard","6":"category-ratgeber-leben","7":"tag-berufsunfaehigkeitsversicherung","8":"tag-die-webzeitung","9":"tag-internetzeitung","10":"tag-online-zeitung","11":"tag-wurttembergische"},"image_feature":null,"author_name":"Redaktion","pure_taxonomies":{"categories":[{"term_id":8,"name":"Ratgeber","slug":"ratgeber-leben","term_group":0,"term_taxonomy_id":8,"taxonomy":"category","description":"","parent":482,"count":380,"filter":"raw","image":""}],"tags":[{"term_id":10814,"name":"Berufsunf\u00e4higkeitsversicherung","slug":"berufsunfaehigkeitsversicherung","term_group":0,"term_taxonomy_id":10815,"taxonomy":"post_tag","description":"","parent":0,"count":1,"filter":"raw","image":""},{"term_id":8875,"name":"Die-Webzeitung","slug":"die-webzeitung","term_group":0,"term_taxonomy_id":8876,"taxonomy":"post_tag","description":"","parent":0,"count":4249,"filter":"raw","image":""},{"term_id":5,"name":"Internetzeitung","slug":"internetzeitung","term_group":0,"term_taxonomy_id":5,"taxonomy":"post_tag","description":"","parent":0,"count":1533,"filter":"raw","image":""},{"term_id":68,"name":"Online-Zeitung","slug":"online-zeitung","term_group":0,"term_taxonomy_id":69,"taxonomy":"post_tag","description":"","parent":0,"count":4198,"filter":"raw","image":""},{"term_id":18,"name":"W\u00fcrttembergische","slug":"wurttembergische","term_group":0,"term_taxonomy_id":18,"taxonomy":"post_tag","description":"","parent":0,"count":113,"filter":"raw","image":""}]},"_links":{"self":[{"href":"https:\/\/die-webzeitung.de\/ludwigsburg\/wp-json\/wp\/v2\/posts\/153254","targetHints":{"allow":["GET"]}}],"collection":[{"href":"https:\/\/die-webzeitung.de\/ludwigsburg\/wp-json\/wp\/v2\/posts"}],"about":[{"href":"https:\/\/die-webzeitung.de\/ludwigsburg\/wp-json\/wp\/v2\/types\/post"}],"author":[{"embeddable":true,"href":"https:\/\/die-webzeitung.de\/ludwigsburg\/wp-json\/wp\/v2\/users\/4"}],"replies":[{"embeddable":true,"href":"https:\/\/die-webzeitung.de\/ludwigsburg\/wp-json\/wp\/v2\/comments?post=153254"}],"version-history":[{"count":1,"href":"https:\/\/die-webzeitung.de\/ludwigsburg\/wp-json\/wp\/v2\/posts\/153254\/revisions"}],"predecessor-version":[{"id":153255,"href":"https:\/\/die-webzeitung.de\/ludwigsburg\/wp-json\/wp\/v2\/posts\/153254\/revisions\/153255"}],"wp:attachment":[{"href":"https:\/\/die-webzeitung.de\/ludwigsburg\/wp-json\/wp\/v2\/media?parent=153254"}],"wp:term":[{"taxonomy":"category","embeddable":true,"href":"https:\/\/die-webzeitung.de\/ludwigsburg\/wp-json\/wp\/v2\/categories?post=153254"},{"taxonomy":"post_tag","embeddable":true,"href":"https:\/\/die-webzeitung.de\/ludwigsburg\/wp-json\/wp\/v2\/tags?post=153254"}],"curies":[{"name":"wp","href":"https:\/\/api.w.org\/{rel}","templated":true}]}}