{"id":152486,"date":"2019-07-14T15:57:43","date_gmt":"2019-07-14T14:57:43","guid":{"rendered":"https:\/\/die-webzeitung.de\/ludwigsburg\/?p=152486"},"modified":"2019-07-14T15:57:43","modified_gmt":"2019-07-14T14:57:43","slug":"buschmann-in-den-landesvorstand-wiedergewaehlt","status":"publish","type":"post","link":"https:\/\/die-webzeitung.de\/ludwigsburg\/2019\/07\/14\/buschmann-in-den-landesvorstand-wiedergewaehlt\/","title":{"rendered":"Buschmann in den Landesvorstand wiedergew\u00e4hlt"},"content":{"rendered":"<p style=\"text-align: justify;\">Heilbronn.| Der stellvertretende Vorsitzende des FDP Kreisverbands Ludwigsburg, Kai Buschmann, wurde auf dem Landesparteitag in Heilbronn erneut in den Landesvorstand der FDP gew\u00e4hlt. Die FDP Kreisvorsitzende Stefanie Knecht gratuliert ihm: \u201eIch freue mich sehr, dass Kai Buschmann die Freien Demokraten aus Ludwigsburg auch in den kommenden 2 Jahren im Landesvorstand vertreten wird. Kai Buschmann hat sich im ersten Wahlgang unter 15 Kandidaten f\u00fcr 10 Pl\u00e4tze mit gut 70% der Stimmen durchgesetzt. Ich gratuliere ihm zu diesem ausgezeichneten Ergebnis. Das ist eine klare Best\u00e4tigung f\u00fcr die langj\u00e4hrige gute Arbeit, die Kai Buschmann als Fraktionsvorsitzender der FDP-Regionalfraktion und als Gemeinderat und Ortsvorsitzender in Remseck am Neckar leistet.\u201c<\/p>\n<hr \/>\n<p style=\"text-align: justify;\">\n","protected":false},"excerpt":{"rendered":"<p>Heilbronn.| Der stellvertretende Vorsitzende des FDP Kreisverbands Ludwigsburg, Kai Buschmann, wurde auf dem Landesparteitag in Heilbronn erneut in den Landesvorstand der FDP gew\u00e4hlt. Die FDP Kreisvorsitzende Stefanie Knecht gratuliert ihm: \u201eIch freue mich sehr, dass Kai Buschmann die Freien Demokraten aus Ludwigsburg auch in den kommenden 2 Jahren im Landesvorstand vertreten wird. Kai Buschmann hat [&hellip;]<\/p>\n","protected":false},"author":4,"featured_media":0,"comment_status":"closed","ping_status":"open","sticky":false,"template":"","format":"standard","meta":{"inline_featured_image":false,"_exactmetrics_skip_tracking":false,"_exactmetrics_sitenote_active":false,"_exactmetrics_sitenote_note":"","_exactmetrics_sitenote_category":0,"tdm_status":"","tdm_grid_status":"","footnotes":""},"categories":[2402],"tags":[8875,446,5,6267,68,9],"class_list":{"0":"post-152486","1":"post","2":"type-post","3":"status-publish","4":"format-standard","6":"category-baden-wuerttemberg","7":"tag-die-webzeitung","8":"tag-fdp","9":"tag-internetzeitung","10":"tag-landesverband","11":"tag-online-zeitung","12":"tag-schaumedia"},"image_feature":null,"author_name":"Redaktion","pure_taxonomies":{"categories":[{"term_id":2402,"name":"Baden-W\u00fcrttemberg","slug":"baden-wuerttemberg","term_group":0,"term_taxonomy_id":2414,"taxonomy":"category","description":"","parent":171,"count":248,"filter":"raw","image":""}],"tags":[{"term_id":8875,"name":"Die-Webzeitung","slug":"die-webzeitung","term_group":0,"term_taxonomy_id":8876,"taxonomy":"post_tag","description":"","parent":0,"count":4246,"filter":"raw","image":""},{"term_id":446,"name":"FDP","slug":"fdp","term_group":0,"term_taxonomy_id":453,"taxonomy":"post_tag","description":"","parent":0,"count":35,"filter":"raw","image":""},{"term_id":5,"name":"Internetzeitung","slug":"internetzeitung","term_group":0,"term_taxonomy_id":5,"taxonomy":"post_tag","description":"","parent":0,"count":1533,"filter":"raw","image":""},{"term_id":6267,"name":"Landesverband","slug":"landesverband","term_group":0,"term_taxonomy_id":6285,"taxonomy":"post_tag","description":"","parent":0,"count":2,"filter":"raw","image":""},{"term_id":68,"name":"Online-Zeitung","slug":"online-zeitung","term_group":0,"term_taxonomy_id":69,"taxonomy":"post_tag","description":"","parent":0,"count":4195,"filter":"raw","image":""},{"term_id":9,"name":"SchauMedia","slug":"schaumedia","term_group":0,"term_taxonomy_id":9,"taxonomy":"post_tag","description":"","parent":0,"count":1582,"filter":"raw","image":""}]},"_links":{"self":[{"href":"https:\/\/die-webzeitung.de\/ludwigsburg\/wp-json\/wp\/v2\/posts\/152486","targetHints":{"allow":["GET"]}}],"collection":[{"href":"https:\/\/die-webzeitung.de\/ludwigsburg\/wp-json\/wp\/v2\/posts"}],"about":[{"href":"https:\/\/die-webzeitung.de\/ludwigsburg\/wp-json\/wp\/v2\/types\/post"}],"author":[{"embeddable":true,"href":"https:\/\/die-webzeitung.de\/ludwigsburg\/wp-json\/wp\/v2\/users\/4"}],"replies":[{"embeddable":true,"href":"https:\/\/die-webzeitung.de\/ludwigsburg\/wp-json\/wp\/v2\/comments?post=152486"}],"version-history":[{"count":1,"href":"https:\/\/die-webzeitung.de\/ludwigsburg\/wp-json\/wp\/v2\/posts\/152486\/revisions"}],"predecessor-version":[{"id":152487,"href":"https:\/\/die-webzeitung.de\/ludwigsburg\/wp-json\/wp\/v2\/posts\/152486\/revisions\/152487"}],"wp:attachment":[{"href":"https:\/\/die-webzeitung.de\/ludwigsburg\/wp-json\/wp\/v2\/media?parent=152486"}],"wp:term":[{"taxonomy":"category","embeddable":true,"href":"https:\/\/die-webzeitung.de\/ludwigsburg\/wp-json\/wp\/v2\/categories?post=152486"},{"taxonomy":"post_tag","embeddable":true,"href":"https:\/\/die-webzeitung.de\/ludwigsburg\/wp-json\/wp\/v2\/tags?post=152486"}],"curies":[{"name":"wp","href":"https:\/\/api.w.org\/{rel}","templated":true}]}}