{"id":152471,"date":"2019-07-13T10:08:24","date_gmt":"2019-07-13T09:08:24","guid":{"rendered":"https:\/\/die-webzeitung.de\/ludwigsburg\/?p=152471"},"modified":"2019-07-13T10:08:24","modified_gmt":"2019-07-13T09:08:24","slug":"kosmetiktipps-fuer-den-sommer","status":"publish","type":"post","link":"https:\/\/die-webzeitung.de\/ludwigsburg\/2019\/07\/13\/kosmetiktipps-fuer-den-sommer\/","title":{"rendered":"Kosmetiktipps f\u00fcr den Sommer"},"content":{"rendered":"<p style=\"text-align: justify;\">W\u00e4hrend es f\u00fcr die meisten selbstverst\u00e4ndlich ist, den Kleidungsstil im Sommer an die h\u00f6heren Temperaturen anzupassen, denken viele nicht an die Haut. Auch das gr\u00f6\u00dfte Organ des Menschen hat im Sommer andere Bed\u00fcrfnisse als im Winter, wenn kalte Temperaturen der Haut zusetzten. Viele bedenken nicht, dass die Haut im Winter ja durch die Kleidung gut vor \u00e4u\u00dferen Witterungseinfl\u00fcssen gesch\u00fctzt ist. Nur das Gesicht muss meistens Wind, K\u00e4lte und eisigen Temperaturen trotzen. Nicht so im Sommer. Leicht bekleidet setzt man auch Beine, Arme und Dekollet\u00e9 den Sonnenstrahlen aus. Somit ist klar, dass man im Sommer auch die Pflegeprodukte der Witterung anpassen sollte.<\/p>\n<p style=\"text-align: justify;\"><strong>Hautpflege im Sommer<br \/>\n<\/strong>Das wichtigste Thema im Sommer ist laut Experten der Sonnenschutz &#8211; dazu kommen wir noch sp\u00e4ter. Doch auch bei der Tagespflege sollte man das Produkt w\u00e4hrend der warmen Jahreszeit an die w\u00e4rmeren Temperaturen anpassen. W\u00e4hrend es im Winter oft Sinn macht, Cremen mit hohem Fettanteil aufzutragen, reicht im Sommer eine leichte Pflege. Wind, Sonne und warme Temperaturen f\u00fchren jedoch zu einem Fl\u00fcssigkeitsverlust der Haut. Diesen gleicht man am besten mit feuchtigkeitsspendenden Lotionen aus. Nach dem Aufenthalt am Meer oder im Chlorwasser des Pools ist ausreichende Reinigung wichtig. Erst danach sollte man hochwertige Pflegeprodukte auftragen. Da sich durch den Schwei\u00df die Poren leicht verstopfen, ist ein Peeling einmal pro Woche ratsam. Es entfernt Hautschuppen und beugt Mitessern und Pickeln vor.<\/p>\n<p style=\"text-align: justify;\"><strong>Sonnenschutz \u2013 den Hauttyp kennen<br \/>\n<\/strong>Eines der wichtigsten Produkte, was <a href=\"https:\/\/natura4you.ch\/produkt\/anti-aging-augenpads-mit-q-10-und-hyaluronsaeure-1-dose-mit-60-pads\/\" target=\"_blank\" rel=\"noopener noreferrer\">Kosmetik<\/a> im Sommer betrifft, ist der Sonnenschutz. Wer sich in den Drogerien und Superm\u00e4rkten umsieht, findet eine F\u00fclle an Angebote vor. Welches Produkt das richtige ist, h\u00e4ngt vom individuellen Hauttyp ab. Seit 1975 gibt es dank des amerikanischen Dermatologen Thomas B. Fitzpatrick eine aussagekr\u00e4ftige Kategorisierung. Er hat nach umfangreichen Studien mit Probanden und im Labor folgende Hauttypen festgelegt:<\/p>\n<ul style=\"text-align: justify;\">\n<li>Keltischer Typ: Geringe Eigenschutzzeit, kaum Br\u00e4unung, bekommt rasch einen Sonnenbrand<\/li>\n<li>Nordischer Typ: bekommt ebenfalls h\u00e4ufig einen Sonnenbrand, br\u00e4unt relativ wenig<\/li>\n<li>Mischtyp: wird braun, bekommt jedoch manchmal einen Sonnenbrand<\/li>\n<li>Mediterraner Typ: Sonnenbrand selten, br\u00e4unt stark<\/li>\n<\/ul>\n<p style=\"text-align: justify;\">Besonders unempfindlich gegen die Sonne sind der dunkelbraune und schwarze Typ. Je nach individuellem Typ kann die Eigenschutzzeit der Haut von wenigen Minuten bis hin zu einer Stunde bei besonders dunklen Typen betragen. Unter dem Begriff Eigenschutzzeit versteht man jene Zeitspanne, die man sich in der Sonne aufhalten kann ohne einen Sonnenbrand zu erleiden. Verl\u00e4ngert wird diese Zeit durch hochwertige Sonnenschutzpr\u00e4parate.<\/p>\n<p style=\"text-align: justify;\"><strong>Tipps rund um das Thema Sonnencreme<br \/>\n<\/strong>Die Zahl auf den Tuben und Tiegeln der Sonnencremehersteller gibt an, um welchen Faktor sich die Eigenschutzzeit erh\u00f6ht, wenn man das Produkt sachgem\u00e4\u00df auftr\u00e4gt. Hat man zum Beispiel eine Eigenschutzzeit von 20 Minuten und tr\u00e4gt Sonnencreme mit Faktor 10 auf, kann man sich 200 Minuten in der Sonne aufhalten. Voraussetzung daf\u00fcr ist allerdings, dass man ausreichend Creme auftr\u00e4gt. Die meisten Menschen \u00fcberziehen die Haut n\u00e4mlich nur mit einem d\u00fcnnen Film, der keinen ausreichenden Schutz garantiert. Experten empfehlen, mindestens die Menge in der Gr\u00f6\u00dfe eines Golfballes auf den ganzen K\u00f6rper zu verteilen. Doch Achtung: Erneutes Eincremen nach Ablauf der Schutzzeit verl\u00e4ngert diese nicht! Nach einem l\u00e4ngeren Aufenthalt im Wasser sollte man sich immer noch einmal eincremen. Vor dem Sonnencremekauf lohnt sich ein Blick auf Konsumentenschutzportale. Das teuerste Produkt muss nicht unbedingt auch das Beste sein. Oft schneiden Sonnencremen von Diskontern und Eigenmarken \u00fcberraschend gut ab.<\/p>\n<hr \/>\n<p style=\"text-align: justify;\">\n","protected":false},"excerpt":{"rendered":"<p>W\u00e4hrend es f\u00fcr die meisten selbstverst\u00e4ndlich ist, den Kleidungsstil im Sommer an die h\u00f6heren Temperaturen anzupassen, denken viele nicht an die Haut. Auch das gr\u00f6\u00dfte Organ des Menschen hat im Sommer andere Bed\u00fcrfnisse als im Winter, wenn kalte Temperaturen der Haut zusetzten. Viele bedenken nicht, dass die Haut im Winter ja durch die Kleidung gut [&hellip;]<\/p>\n","protected":false},"author":4,"featured_media":0,"comment_status":"closed","ping_status":"open","sticky":false,"template":"","format":"standard","meta":{"inline_featured_image":false,"_exactmetrics_skip_tracking":false,"_exactmetrics_sitenote_active":false,"_exactmetrics_sitenote_note":"","_exactmetrics_sitenote_category":0,"tdm_status":"","tdm_grid_status":"","footnotes":""},"categories":[8],"tags":[3369,5834,5223,3856],"class_list":{"0":"post-152471","1":"post","2":"type-post","3":"status-publish","4":"format-standard","6":"category-ratgeber-leben","7":"tag-haut","8":"tag-kosmetik","9":"tag-nevdel","10":"tag-sommer"},"image_feature":null,"author_name":"Redaktion","pure_taxonomies":{"categories":[{"term_id":8,"name":"Ratgeber","slug":"ratgeber-leben","term_group":0,"term_taxonomy_id":8,"taxonomy":"category","description":"","parent":482,"count":380,"filter":"raw","image":""}],"tags":[{"term_id":3369,"name":"Haut","slug":"haut","term_group":0,"term_taxonomy_id":3382,"taxonomy":"post_tag","description":"","parent":0,"count":1,"filter":"raw","image":""},{"term_id":5834,"name":"Kosmetik","slug":"kosmetik","term_group":0,"term_taxonomy_id":5852,"taxonomy":"post_tag","description":"","parent":0,"count":1,"filter":"raw","image":""},{"term_id":5223,"name":"NEVDEL","slug":"nevdel","term_group":0,"term_taxonomy_id":5241,"taxonomy":"post_tag","description":"","parent":0,"count":75,"filter":"raw","image":""},{"term_id":3856,"name":"Sommer","slug":"sommer","term_group":0,"term_taxonomy_id":3869,"taxonomy":"post_tag","description":"","parent":0,"count":5,"filter":"raw","image":""}]},"_links":{"self":[{"href":"https:\/\/die-webzeitung.de\/ludwigsburg\/wp-json\/wp\/v2\/posts\/152471","targetHints":{"allow":["GET"]}}],"collection":[{"href":"https:\/\/die-webzeitung.de\/ludwigsburg\/wp-json\/wp\/v2\/posts"}],"about":[{"href":"https:\/\/die-webzeitung.de\/ludwigsburg\/wp-json\/wp\/v2\/types\/post"}],"author":[{"embeddable":true,"href":"https:\/\/die-webzeitung.de\/ludwigsburg\/wp-json\/wp\/v2\/users\/4"}],"replies":[{"embeddable":true,"href":"https:\/\/die-webzeitung.de\/ludwigsburg\/wp-json\/wp\/v2\/comments?post=152471"}],"version-history":[{"count":1,"href":"https:\/\/die-webzeitung.de\/ludwigsburg\/wp-json\/wp\/v2\/posts\/152471\/revisions"}],"predecessor-version":[{"id":152472,"href":"https:\/\/die-webzeitung.de\/ludwigsburg\/wp-json\/wp\/v2\/posts\/152471\/revisions\/152472"}],"wp:attachment":[{"href":"https:\/\/die-webzeitung.de\/ludwigsburg\/wp-json\/wp\/v2\/media?parent=152471"}],"wp:term":[{"taxonomy":"category","embeddable":true,"href":"https:\/\/die-webzeitung.de\/ludwigsburg\/wp-json\/wp\/v2\/categories?post=152471"},{"taxonomy":"post_tag","embeddable":true,"href":"https:\/\/die-webzeitung.de\/ludwigsburg\/wp-json\/wp\/v2\/tags?post=152471"}],"curies":[{"name":"wp","href":"https:\/\/api.w.org\/{rel}","templated":true}]}}