{"id":152182,"date":"2019-06-27T14:56:32","date_gmt":"2019-06-27T13:56:32","guid":{"rendered":"https:\/\/die-webzeitung.de\/ludwigsburg\/?p=152182"},"modified":"2019-06-27T14:56:32","modified_gmt":"2019-06-27T13:56:32","slug":"landesstrasse-zwischen-muehlhausen-und-wiesensteig-drei-tage-gesperrt","status":"publish","type":"post","link":"https:\/\/die-webzeitung.de\/ludwigsburg\/2019\/06\/27\/landesstrasse-zwischen-muehlhausen-und-wiesensteig-drei-tage-gesperrt\/","title":{"rendered":"Landesstra\u00dfe zwischen M\u00fchlhausen und Wiesensteig drei Tage gesperrt"},"content":{"rendered":"<p style=\"text-align: justify;\">Der Bau der Filstalbr\u00fccke im Rahmen des Bahnprojekts Stuttgart\u2013Ulm schreitet weiter voran. Fast alle Pfeiler sind errichtet und die Br\u00fccke w\u00e4chst St\u00fcck f\u00fcr St\u00fcck in die Horizontale.<\/p>\n<p style=\"text-align: justify;\">F\u00fcr den Bau der n\u00e4chsten Br\u00fcckenabschnitte, die oberhalb der Landesstra\u00dfe L1200 liegen, muss nun die sogenannte Vorschubr\u00fcstung, mit welcher der horizontale Teil der Br\u00fccke gebaut wird, rund 50 Meter nach vorne geschoben werden.<\/p>\n<p style=\"text-align: justify;\">Dazu ist es erforderlich, die Landesstra\u00dfe zwischen M\u00fchlhausen im T\u00e4le und Wiesensteig in beiden Fahrtrichtungen zu sperren. Die Sperrung beginnt am Dienstag, 2. Juli 2019, voraussichtlich um 13 Uhr und endet am Freitag, 5. Juli 2019, gegen 15 Uhr.<\/p>\n<p style=\"text-align: justify;\">Rettungsfahrzeuge und Busse sind von der Sperrung ausgenommen, m\u00fcssen jedoch vor der Baustelle kurz anhalten, bis die Durchfahrt freigegeben werden kann.<\/p>\n<p style=\"text-align: justify;\">Das Schutzger\u00fcst \u00fcber der Landesstra\u00dfe wird bis nach dem Ende der Bauzeit der Filstalbr\u00fccke bestehen bleiben.<\/p>\n<hr \/>\n<p style=\"text-align: justify;\">\n","protected":false},"excerpt":{"rendered":"<p>Der Bau der Filstalbr\u00fccke im Rahmen des Bahnprojekts Stuttgart\u2013Ulm schreitet weiter voran. Fast alle Pfeiler sind errichtet und die Br\u00fccke w\u00e4chst St\u00fcck f\u00fcr St\u00fcck in die Horizontale. F\u00fcr den Bau der n\u00e4chsten Br\u00fcckenabschnitte, die oberhalb der Landesstra\u00dfe L1200 liegen, muss nun die sogenannte Vorschubr\u00fcstung, mit welcher der horizontale Teil der Br\u00fccke gebaut wird, rund 50 [&hellip;]<\/p>\n","protected":false},"author":4,"featured_media":0,"comment_status":"closed","ping_status":"open","sticky":false,"template":"","format":"standard","meta":{"inline_featured_image":false,"_exactmetrics_skip_tracking":false,"_exactmetrics_sitenote_active":false,"_exactmetrics_sitenote_note":"","_exactmetrics_sitenote_category":0,"tdm_status":"","tdm_grid_status":"","footnotes":""},"categories":[2402],"tags":[9219,8875,5,10730,68,10731],"class_list":{"0":"post-152182","1":"post","2":"type-post","3":"status-publish","4":"format-standard","6":"category-baden-wuerttemberg","7":"tag-deutsche-bahn","8":"tag-die-webzeitung","9":"tag-internetzeitung","10":"tag-muehlhausen","11":"tag-online-zeitung","12":"tag-wiesensteig"},"image_feature":null,"author_name":"Redaktion","pure_taxonomies":{"categories":[{"term_id":2402,"name":"Baden-W\u00fcrttemberg","slug":"baden-wuerttemberg","term_group":0,"term_taxonomy_id":2414,"taxonomy":"category","description":"","parent":171,"count":248,"filter":"raw","image":""}],"tags":[{"term_id":9219,"name":"Deutsche Bahn","slug":"deutsche-bahn","term_group":0,"term_taxonomy_id":9220,"taxonomy":"post_tag","description":"","parent":0,"count":1,"filter":"raw","image":""},{"term_id":8875,"name":"Die-Webzeitung","slug":"die-webzeitung","term_group":0,"term_taxonomy_id":8876,"taxonomy":"post_tag","description":"","parent":0,"count":4242,"filter":"raw","image":""},{"term_id":5,"name":"Internetzeitung","slug":"internetzeitung","term_group":0,"term_taxonomy_id":5,"taxonomy":"post_tag","description":"","parent":0,"count":1533,"filter":"raw","image":""},{"term_id":10730,"name":"M\u00fchlhausen","slug":"muehlhausen","term_group":0,"term_taxonomy_id":10731,"taxonomy":"post_tag","description":"","parent":0,"count":1,"filter":"raw","image":""},{"term_id":68,"name":"Online-Zeitung","slug":"online-zeitung","term_group":0,"term_taxonomy_id":69,"taxonomy":"post_tag","description":"","parent":0,"count":4191,"filter":"raw","image":""},{"term_id":10731,"name":"Wiesensteig","slug":"wiesensteig","term_group":0,"term_taxonomy_id":10732,"taxonomy":"post_tag","description":"","parent":0,"count":1,"filter":"raw","image":""}]},"_links":{"self":[{"href":"https:\/\/die-webzeitung.de\/ludwigsburg\/wp-json\/wp\/v2\/posts\/152182","targetHints":{"allow":["GET"]}}],"collection":[{"href":"https:\/\/die-webzeitung.de\/ludwigsburg\/wp-json\/wp\/v2\/posts"}],"about":[{"href":"https:\/\/die-webzeitung.de\/ludwigsburg\/wp-json\/wp\/v2\/types\/post"}],"author":[{"embeddable":true,"href":"https:\/\/die-webzeitung.de\/ludwigsburg\/wp-json\/wp\/v2\/users\/4"}],"replies":[{"embeddable":true,"href":"https:\/\/die-webzeitung.de\/ludwigsburg\/wp-json\/wp\/v2\/comments?post=152182"}],"version-history":[{"count":1,"href":"https:\/\/die-webzeitung.de\/ludwigsburg\/wp-json\/wp\/v2\/posts\/152182\/revisions"}],"predecessor-version":[{"id":152184,"href":"https:\/\/die-webzeitung.de\/ludwigsburg\/wp-json\/wp\/v2\/posts\/152182\/revisions\/152184"}],"wp:attachment":[{"href":"https:\/\/die-webzeitung.de\/ludwigsburg\/wp-json\/wp\/v2\/media?parent=152182"}],"wp:term":[{"taxonomy":"category","embeddable":true,"href":"https:\/\/die-webzeitung.de\/ludwigsburg\/wp-json\/wp\/v2\/categories?post=152182"},{"taxonomy":"post_tag","embeddable":true,"href":"https:\/\/die-webzeitung.de\/ludwigsburg\/wp-json\/wp\/v2\/tags?post=152182"}],"curies":[{"name":"wp","href":"https:\/\/api.w.org\/{rel}","templated":true}]}}