{"id":152017,"date":"2019-06-17T17:41:24","date_gmt":"2019-06-17T16:41:24","guid":{"rendered":"https:\/\/die-webzeitung.de\/ludwigsburg\/?p=152017"},"modified":"2019-06-17T17:41:24","modified_gmt":"2019-06-17T16:41:24","slug":"neue-bu-der-wuerttembergischen-flexibel-und-leistungsfaehig","status":"publish","type":"post","link":"https:\/\/die-webzeitung.de\/ludwigsburg\/2019\/06\/17\/neue-bu-der-wuerttembergischen-flexibel-und-leistungsfaehig\/","title":{"rendered":"Neue BU der W\u00fcrttembergischen: flexibel und leistungsf\u00e4hig"},"content":{"rendered":"<p style=\"text-align: justify;\"><strong>Jeder vierte Deutsche scheidet aus gesundheitlichen Gr\u00fcnden vorzeitig aus dem Berufsleben aus. Aber nur jeder Sechste hat sich privat gegen das Risiko, berufsunf\u00e4hig zu werden, abgesichert. Eine aktuelle YouGov-Studie zeigt, dass dies zum gro\u00dfen Teil an der h\u00e4ufig fehlenden Flexibilit\u00e4t eines individuellen Preis-Leistungsgef\u00fcges des Versicherungsangebots liegt. Die W\u00fcrttembergische Lebensversicherung AG (W\u00fcrttLeben) hat daher ihre Berufsunf\u00e4higkeitsversicherung (BU) verbessert und insbesondere auf Flexibilit\u00e4t und Leistungsf\u00e4higkeit in der Produktgestaltung gesetzt.<\/strong><\/p>\n<p style=\"text-align: justify;\">Im Marktvergleich erreicht die W\u00fcrttLeben mit ihrem neuen BU-Tarif eine sehr gute Positionierung, insbesondere bei Besch\u00e4ftigten in handwerklichen Berufen, Sch\u00fclern und Gesch\u00e4ftsf\u00fchrern. Der Tarif ist modular aufgebaut. Das hei\u00dft, es k\u00f6nnen Optionen wie eine Karenzzeit oder eine garantierte Rentensteigerung sowie verschiedene Bausteine wie ein Arbeitsunf\u00e4higkeits- und ein Unfall-Baustein nach dem jeweiligen Kundenbedarf beliebig kombiniert werden.<\/p>\n<p style=\"text-align: justify;\">Handwerker m\u00fcssen meist f\u00fcr die Absicherung einer BU-Rente hohe Beitr\u00e4ge aufwenden\u00a0 \u2013 durchschnittlich f\u00fcnf bis neun Prozent ihres Einkommens. Mit dem Unfall-Baustein, dem besonderen Pluspunkt des neuen BU-Tarifs, k\u00f6nnen Besch\u00e4ftigte in handwerklichen Berufen einen soliden und g\u00fcnstigen Basisschutz absichern. Wird ein Kunde, der diesen Baustein abgeschlossen hat, aufgrund eines Unfalls berufsunf\u00e4hig, erh\u00e4lt er die doppelte vereinbarte BU-Rente.<\/p>\n<p style=\"text-align: justify;\">Auch f\u00fcr Sch\u00fcler, Auszubildende, Studenten und Berufseinsteiger ist eine BU-Absicherung ratsam. Denn wer jung und gesund bis zum Alter von 30 Jahren mit der Einsteiger-BU startet, profitiert von g\u00fcnstigen Beitr\u00e4gen bis zum Ende der Laufzeit. Mit dem Produktmerkmal der Berufsverbesserung ist dem Kunden bis zum 30. Lebensjahr die M\u00f6glichkeit geboten, mit jedem Berufswechsel eine Beitragsreduzierung pr\u00fcfen zu lassen. Eine Schlechterstellung ist ausgeschlossen. Der Abschluss des neuen BU-Tarifs ist bereits ab dem 10. Geburtstag m\u00f6glich.<\/p>\n<p style=\"text-align: justify;\">In der Einsteiger-BU der W\u00fcrttLeben werden \u00fcber eine zehnj\u00e4hrige Staffelphase die Beitr\u00e4ge sukzessive moderat angehoben. Bei Sch\u00fclern sch\u00fctzt diese vor den finanziellen Risiken einer Schulunf\u00e4higkeit und zahlt die vereinbarte Rente \u2013 oft eine gro\u00dfe Entlastung f\u00fcr Eltern, die sich um ihr schulunf\u00e4higes Kind k\u00fcmmern. Sp\u00e4ter geht der Schutz in eine Absicherung gegen Berufsunf\u00e4higkeit \u00fcber. Die im Vertrag eingeschlossenen Nachversicherungsoptionen erm\u00f6glichen eine Erh\u00f6hung der Versicherungsleistung ohne Gesundheitspr\u00fcfung, beispielsweise beim Abschluss einer staatlich anerkannten beruflichen Fortbildung.<\/p>\n<p style=\"text-align: justify;\">\nDie W\u00fcrttLeben macht ihren Kunden zudem ein exklusives Angebot: In jedem BU-Vertrag ist ein sogenannter BU-Retter inbegriffen, der bei anlassbezogenen Zahlungsschwierigkeiten des Kunden f\u00fcr ein bis drei Jahre genutzt werden kann. Dabei reduziert sich der Beitrag w\u00e4hrend der Inanspruchnahme des BU-Retters auf circa f\u00fcnf Euro im Monat. Die BU-Rente bleibt w\u00e4hrend der gesamten Dauer des BU-Retters auf einem verh\u00e4ltnism\u00e4\u00dfig hohen Niveau.<\/p>\n<p style=\"text-align: justify;\">\n<p style=\"text-align: justify;\">Mit der neuen Berufsunf\u00e4higkeitsversicherung und ihrem modularen Aufbau gelingt es der W\u00fcrttLeben, jedem Kunden ein individuell auf ihn abgestimmtes Angebot zu machen, das zugleich risikoad\u00e4quat und preisg\u00fcnstig ist.<\/p>\n<hr \/>\n<p style=\"text-align: justify;\">\n","protected":false},"excerpt":{"rendered":"<p>Jeder vierte Deutsche scheidet aus gesundheitlichen Gr\u00fcnden vorzeitig aus dem Berufsleben aus. Aber nur jeder Sechste hat sich privat gegen das Risiko, berufsunf\u00e4hig zu werden, abgesichert. Eine aktuelle YouGov-Studie zeigt, dass dies zum gro\u00dfen Teil an der h\u00e4ufig fehlenden Flexibilit\u00e4t eines individuellen Preis-Leistungsgef\u00fcges des Versicherungsangebots liegt. Die W\u00fcrttembergische Lebensversicherung AG (W\u00fcrttLeben) hat daher ihre Berufsunf\u00e4higkeitsversicherung [&hellip;]<\/p>\n","protected":false},"author":4,"featured_media":0,"comment_status":"closed","ping_status":"open","sticky":false,"template":"","format":"standard","meta":{"inline_featured_image":false,"_exactmetrics_skip_tracking":false,"_exactmetrics_sitenote_active":false,"_exactmetrics_sitenote_note":"","_exactmetrics_sitenote_category":0,"tdm_status":"","tdm_grid_status":"","footnotes":""},"categories":[8],"tags":[10714,8875,5,68,9],"class_list":{"0":"post-152017","1":"post","2":"type-post","3":"status-publish","4":"format-standard","6":"category-ratgeber-leben","7":"tag-bu-rente","8":"tag-die-webzeitung","9":"tag-internetzeitung","10":"tag-online-zeitung","11":"tag-schaumedia"},"image_feature":null,"author_name":"Redaktion","pure_taxonomies":{"categories":[{"term_id":8,"name":"Ratgeber","slug":"ratgeber-leben","term_group":0,"term_taxonomy_id":8,"taxonomy":"category","description":"","parent":482,"count":380,"filter":"raw","image":""}],"tags":[{"term_id":10714,"name":"BU-Rente","slug":"bu-rente","term_group":0,"term_taxonomy_id":10715,"taxonomy":"post_tag","description":"","parent":0,"count":1,"filter":"raw","image":""},{"term_id":8875,"name":"Die-Webzeitung","slug":"die-webzeitung","term_group":0,"term_taxonomy_id":8876,"taxonomy":"post_tag","description":"","parent":0,"count":4242,"filter":"raw","image":""},{"term_id":5,"name":"Internetzeitung","slug":"internetzeitung","term_group":0,"term_taxonomy_id":5,"taxonomy":"post_tag","description":"","parent":0,"count":1533,"filter":"raw","image":""},{"term_id":68,"name":"Online-Zeitung","slug":"online-zeitung","term_group":0,"term_taxonomy_id":69,"taxonomy":"post_tag","description":"","parent":0,"count":4191,"filter":"raw","image":""},{"term_id":9,"name":"SchauMedia","slug":"schaumedia","term_group":0,"term_taxonomy_id":9,"taxonomy":"post_tag","description":"","parent":0,"count":1582,"filter":"raw","image":""}]},"_links":{"self":[{"href":"https:\/\/die-webzeitung.de\/ludwigsburg\/wp-json\/wp\/v2\/posts\/152017","targetHints":{"allow":["GET"]}}],"collection":[{"href":"https:\/\/die-webzeitung.de\/ludwigsburg\/wp-json\/wp\/v2\/posts"}],"about":[{"href":"https:\/\/die-webzeitung.de\/ludwigsburg\/wp-json\/wp\/v2\/types\/post"}],"author":[{"embeddable":true,"href":"https:\/\/die-webzeitung.de\/ludwigsburg\/wp-json\/wp\/v2\/users\/4"}],"replies":[{"embeddable":true,"href":"https:\/\/die-webzeitung.de\/ludwigsburg\/wp-json\/wp\/v2\/comments?post=152017"}],"version-history":[{"count":1,"href":"https:\/\/die-webzeitung.de\/ludwigsburg\/wp-json\/wp\/v2\/posts\/152017\/revisions"}],"predecessor-version":[{"id":152018,"href":"https:\/\/die-webzeitung.de\/ludwigsburg\/wp-json\/wp\/v2\/posts\/152017\/revisions\/152018"}],"wp:attachment":[{"href":"https:\/\/die-webzeitung.de\/ludwigsburg\/wp-json\/wp\/v2\/media?parent=152017"}],"wp:term":[{"taxonomy":"category","embeddable":true,"href":"https:\/\/die-webzeitung.de\/ludwigsburg\/wp-json\/wp\/v2\/categories?post=152017"},{"taxonomy":"post_tag","embeddable":true,"href":"https:\/\/die-webzeitung.de\/ludwigsburg\/wp-json\/wp\/v2\/tags?post=152017"}],"curies":[{"name":"wp","href":"https:\/\/api.w.org\/{rel}","templated":true}]}}