{"id":146050,"date":"2018-07-25T14:38:08","date_gmt":"2018-07-25T13:38:08","guid":{"rendered":"http:\/\/die-webzeitung.de\/ludwigsburg\/?p=146050"},"modified":"2018-07-25T14:38:31","modified_gmt":"2018-07-25T13:38:31","slug":"ecofit-landkreis-ludwigsburg-mit-umweltschutz-kosten-senken","status":"publish","type":"post","link":"https:\/\/die-webzeitung.de\/ludwigsburg\/2018\/07\/25\/ecofit-landkreis-ludwigsburg-mit-umweltschutz-kosten-senken\/","title":{"rendered":"ECOfit Landkreis Ludwigsburg: mit Umweltschutz Kosten senken"},"content":{"rendered":"<p style=\"text-align: justify;\">Ludwigsburg.| \u00d6kologisch arbeiten und dabei Kosten reduzieren, das sind die wichtigsten Ziele des vom Landkreis Ludwigsburg initiierten und vom\u00a0 Ministerium f\u00fcr Umwelt, Klima und Energiewirtschaft Baden-W\u00fcrttemberg gef\u00f6rderten ECOfit Projekts. Im Rahmen der Auftaktveranstaltung am Dienstag (24. Juli) wurden die am Projekt teilnehmenden Unternehmen von Dr. Christian Su\u00dfner, Dezernent f\u00fcr Umwelt und Technik, begr\u00fc\u00dft.<\/p>\n<p style=\"text-align: justify;\">Erstmals findet nun auch im Landkreis Ludwigsburg unter Projekttr\u00e4gerschaft des Landratsamtes Ludwigsburg das Umweltschutzprojekt ECOfit statt. Das Landratsamt unterst\u00fctzt in Kooperation mit dem F\u00f6rdergeber, dem Ministerium f\u00fcr Umwelt, Klima und Energiewirtschaft, der KEA (Klimaschutz- und Energieagentur Baden-W\u00fcrttemberg GmbH) sowie dem Beratungsunternehmen Arqum GmbH, Unternehmen beim betrieblichen Umwelt- und Klimaschutz. Bei ECOfit werden mit den beteiligten Unternehmen praxisnahe Ma\u00dfnahmen erarbeitet und umgesetzt, mit denen die Umwelt entlastet und dabei gleichzeitig Geld gespart werden kann.<\/p>\n<p style=\"text-align: justify;\">Bereits zum Projektstart mit im Boot sind die Robert Bosch GmbH, Schwieberdingen, die Kumpf Fruchtsaft GmbH &amp; Co. KG, Markgr\u00f6ningen, die Gebr. Lotter KG, Ludwigsburg, die Dommer Stuttgarter Fahnenfabrik GmbH, Stuttgart, sowie die Hohenstein Laboratories GmbH &amp; Co. KG, B\u00f6nnigheim-Hohenstein. Bereits im Anschluss an die Auftaktveranstaltung starteten die Unternehmen in den ersten von acht Workshops \u2013 die Schwerpunkte des ersten Workshops lagen in der Projektorganisation und der Mitarbeiterbeteiligung. In den insgesamt acht Workshops und vier parallel verlaufenden individuellen Beratungsterminen werden die Unternehmen von Arqum, der Gesellschaft f\u00fcr Arbeitssicherheits-, Qualit\u00e4ts- und Umweltmanagement mbH, aus Stuttgart betreut. Bei erfolgreicher Teilnahme werden die Projektteilnehmer im kommenden Jahr die Auszeichnung \u201eECOfit-Betrieb\u201d erhalten.<\/p>\n<p style=\"text-align: justify;\">Ziel des Projekts ist es, m\u00f6glichst viele Verbesserungsma\u00dfnahmen in den Bereichen Energie, Wasser, Abfall und Ressourcen umzusetzen, um damit Kosten und gleichzeitig Umweltbelastungen zu reduzieren.<\/p>\n<p style=\"text-align: justify;\">F\u00fcr Dezernent Dr. Christian Su\u00dfner sowie den Klimaschutzbeauftragten des Landkreises, Dennis Fricken, steht fest, dass sich das Engagement der Beteiligten nicht nur aus Umweltschutzgr\u00fcnden lohnen wird. Neben den finanziellen Aspekten ist ECOfit eine einfache und kosteng\u00fcnstige Vorstufe zum Einstieg in ein Umwelt- oder Energiemanagementsystem und verschafft durch die ECOfit Auszeichnung, die am Ende des Projektes durch die Energieagentur, den Landkreis sowie das Ministerium f\u00fcr Umwelt, Klima und Energiewirtschaft Baden-W\u00fcrttemberg verliehen wird, zudem noch Imagevorteile.<\/p>\n<hr \/>\n<p style=\"text-align: justify;\">\n","protected":false},"excerpt":{"rendered":"<p>Ludwigsburg.| \u00d6kologisch arbeiten und dabei Kosten reduzieren, das sind die wichtigsten Ziele des vom Landkreis Ludwigsburg initiierten und vom\u00a0 Ministerium f\u00fcr Umwelt, Klima und Energiewirtschaft Baden-W\u00fcrttemberg gef\u00f6rderten ECOfit Projekts. Im Rahmen der Auftaktveranstaltung am Dienstag (24. Juli) wurden die am Projekt teilnehmenden Unternehmen von Dr. Christian Su\u00dfner, Dezernent f\u00fcr Umwelt und Technik, begr\u00fc\u00dft. Erstmals findet [&hellip;]<\/p>\n","protected":false},"author":4,"featured_media":0,"comment_status":"closed","ping_status":"open","sticky":false,"template":"","format":"standard","meta":{"inline_featured_image":false,"_exactmetrics_skip_tracking":false,"_exactmetrics_sitenote_active":false,"_exactmetrics_sitenote_note":"","_exactmetrics_sitenote_category":0,"tdm_status":"","tdm_grid_status":"","footnotes":""},"categories":[65],"tags":[8875,10094,5,10095,6,68,9,1294],"class_list":{"0":"post-146050","1":"post","2":"type-post","3":"status-publish","4":"format-standard","6":"category-kreis_ludwigsburg","7":"tag-die-webzeitung","8":"tag-ecofit","9":"tag-internetzeitung","10":"tag-kostenmanagement","11":"tag-ludwigsburg","12":"tag-online-zeitung","13":"tag-schaumedia","14":"tag-umweltschutz"},"image_feature":null,"author_name":"Redaktion","pure_taxonomies":{"categories":[{"term_id":65,"name":"Kreis Ludwigsburg","slug":"kreis_ludwigsburg","term_group":0,"term_taxonomy_id":66,"taxonomy":"category","description":"","parent":171,"count":630,"filter":"raw","image":""}],"tags":[{"term_id":8875,"name":"Die-Webzeitung","slug":"die-webzeitung","term_group":0,"term_taxonomy_id":8876,"taxonomy":"post_tag","description":"","parent":0,"count":4255,"filter":"raw","image":""},{"term_id":10094,"name":"ECOfit","slug":"ecofit","term_group":0,"term_taxonomy_id":10095,"taxonomy":"post_tag","description":"","parent":0,"count":1,"filter":"raw","image":""},{"term_id":5,"name":"Internetzeitung","slug":"internetzeitung","term_group":0,"term_taxonomy_id":5,"taxonomy":"post_tag","description":"","parent":0,"count":1533,"filter":"raw","image":""},{"term_id":10095,"name":"Kostenmanagement","slug":"kostenmanagement","term_group":0,"term_taxonomy_id":10096,"taxonomy":"post_tag","description":"","parent":0,"count":1,"filter":"raw","image":""},{"term_id":6,"name":"Ludwigsburg","slug":"ludwigsburg","term_group":0,"term_taxonomy_id":6,"taxonomy":"post_tag","description":"","parent":0,"count":1352,"filter":"raw","image":""},{"term_id":68,"name":"Online-Zeitung","slug":"online-zeitung","term_group":0,"term_taxonomy_id":69,"taxonomy":"post_tag","description":"","parent":0,"count":4204,"filter":"raw","image":""},{"term_id":9,"name":"SchauMedia","slug":"schaumedia","term_group":0,"term_taxonomy_id":9,"taxonomy":"post_tag","description":"","parent":0,"count":1582,"filter":"raw","image":""},{"term_id":1294,"name":"Umweltschutz","slug":"umweltschutz","term_group":0,"term_taxonomy_id":1303,"taxonomy":"post_tag","description":"","parent":0,"count":1,"filter":"raw","image":""}]},"_links":{"self":[{"href":"https:\/\/die-webzeitung.de\/ludwigsburg\/wp-json\/wp\/v2\/posts\/146050","targetHints":{"allow":["GET"]}}],"collection":[{"href":"https:\/\/die-webzeitung.de\/ludwigsburg\/wp-json\/wp\/v2\/posts"}],"about":[{"href":"https:\/\/die-webzeitung.de\/ludwigsburg\/wp-json\/wp\/v2\/types\/post"}],"author":[{"embeddable":true,"href":"https:\/\/die-webzeitung.de\/ludwigsburg\/wp-json\/wp\/v2\/users\/4"}],"replies":[{"embeddable":true,"href":"https:\/\/die-webzeitung.de\/ludwigsburg\/wp-json\/wp\/v2\/comments?post=146050"}],"version-history":[{"count":1,"href":"https:\/\/die-webzeitung.de\/ludwigsburg\/wp-json\/wp\/v2\/posts\/146050\/revisions"}],"predecessor-version":[{"id":146051,"href":"https:\/\/die-webzeitung.de\/ludwigsburg\/wp-json\/wp\/v2\/posts\/146050\/revisions\/146051"}],"wp:attachment":[{"href":"https:\/\/die-webzeitung.de\/ludwigsburg\/wp-json\/wp\/v2\/media?parent=146050"}],"wp:term":[{"taxonomy":"category","embeddable":true,"href":"https:\/\/die-webzeitung.de\/ludwigsburg\/wp-json\/wp\/v2\/categories?post=146050"},{"taxonomy":"post_tag","embeddable":true,"href":"https:\/\/die-webzeitung.de\/ludwigsburg\/wp-json\/wp\/v2\/tags?post=146050"}],"curies":[{"name":"wp","href":"https:\/\/api.w.org\/{rel}","templated":true}]}}