{"id":145997,"date":"2018-07-23T15:03:51","date_gmt":"2018-07-23T14:03:51","guid":{"rendered":"http:\/\/die-webzeitung.de\/ludwigsburg\/?p=145997"},"modified":"2018-07-23T15:03:51","modified_gmt":"2018-07-23T14:03:51","slug":"der-naechste-bitte","status":"publish","type":"post","link":"https:\/\/die-webzeitung.de\/ludwigsburg\/2018\/07\/23\/der-naechste-bitte\/","title":{"rendered":"Der N\u00e4chste bitte!"},"content":{"rendered":"<p style=\"text-align: justify;\"><strong>Alle Pr\u00fcfungen sind endlich geschafft! Die \u00fcbergro\u00dfe Erleichterung nach drei Jahren Ausbildungszeit und dem zur\u00fcck liegenden Pr\u00fcfungsstress war den jungen Medizinischen und Zahnmedizinischen Fachangestellten sichtlich anzusehen. Mit Stolz und gro\u00dfem Freudestrahlen nahmen sie am Mittwoch, den 18. Juli 2018, in Anwesenheit von Vertretern der Bezirks\u00e4rzte- und Bezirkszahn\u00e4rztekammern sowie ihrer Lehrkr\u00e4fte, Eltern, Freunde und Ausbilder ihre Abschlusszeugnisse, Belobigungen und Preise an der OWS entgegen.<\/strong><\/p>\n<p style=\"text-align: justify;\">Ludwigsburg.| In den Begr\u00fc\u00dfungsworten des Schulleiters Andreas Moser lobte er das Engagement der Sch\u00fclerinnen und Sch\u00fcler sowie der an dem Erfolg beteiligten Ausbilder, Eltern und Lehrkr\u00e4fte. Wie bei den Sportlern der Tour de France brauche man f\u00fcr so eine Ausbildung ausreichend Energie f\u00fcr den Etappen-, aber auch einen langen Atem f\u00fcr den Gesamtsieg. Das gehe nur mit viel Engagement und externer Unterst\u00fctzung seitens aller an der Ausbildung Beteiligten.<\/p>\n<p style=\"text-align: justify;\">Anschlie\u00dfend lobten der stellvertretende Vorsitzende der Kreisvereinigung der Bezirkszahn\u00e4rztekammer, Dr. Michael Diehl aus Remseck, und der Kreisvorsitzende der \u00c4rzteschaft Ludwigsburg, Dr. med. Michael Friederich aus Markgr\u00f6ningen die Leistungen der ehemaligen Auszubildenden. Dann \u00fcberreichten sie jeweils die Preise an die Jahrgangsbesten der Kammerpr\u00fcfung. Die Zahnmedizinischen Fachangestellten erhielten dar\u00fcber hinaus die sogenannten \u201eR\u00f6ntgenscheine\u201c f\u00fcr den Fachkundenachweis im Strahlenschutz.<\/p>\n<p style=\"text-align: justify;\">Preise f\u00fcr herausragende Leistungen im Abschlussjahr erhielten folgende Medizinische Fachangestellte: Monika Breiholz, Angelika Kromm, Stephanie Heib, Marco Ricciardi, Manuela Roeder und Ines Specker. Angelika Kromm erh\u00e4lt dar\u00fcber hinaus f\u00fcr ihre hervorragenden Leistungen am Donnerstag den Bildungs-Oscar der OWS verliehen. Belobigungen gingen an: Tabea Liess, Pia Schramm, Carolin Baum\u00fcller, Nadine Lauser und Laura Montefusco.<\/p>\n<figure id=\"attachment_145999\" aria-describedby=\"caption-attachment-145999\" style=\"width: 700px\" class=\"wp-caption aligncenter\"><img loading=\"lazy\" decoding=\"async\" class=\"size-full wp-image-145999\" src=\"http:\/\/die-webzeitung.de\/ludwigsburg\/wp-content\/uploads\/sites\/5\/2018\/07\/zfa_ows_2018_pr.jpg\" alt=\"\" width=\"700\" height=\"466\" \/><figcaption id=\"caption-attachment-145999\" class=\"wp-caption-text\">Bild: Dr. Michael Diehl (re.) von der Bezirkszahn\u00e4rztekammer und Schulleiter A. Moser (li.) mit Preistr\u00e4gerinnen der Zahnmedizinischen Fachangestellten | Foto: OWS<\/figcaption><\/figure>\n<p style=\"text-align: justify;\">Folgende Zahnmedizinische Fachangestellte durften einen Preis entgegen nehmen: Anna Lena Jauch, Andrea Meiners. Andrea Meiners erhielt als jahrgangsbeste Zahnmedizinische Fachangestellte ebenfalls den Bildungs-Oscar . Belobigungen erhielten: Dilan Kaya, Josephine Prescher, Madleine Butor, Jessica Kullmann, Chrissula Melikidou, Daria Zhizemskiy, Marit Baumann und Timea Cretu.<\/p>\n<p style=\"text-align: justify;\">Wie jedes Jahr, wurden auch heuer wieder die jahrgangsbesten Schulabsolventinnen und -absolventen der OWS bei der traditionellen Verleihung des \u201eBildungs-Oscars\u201c an der OWS zusammen mit ihren Ausbildungsbetrieben geehrt. Diese feierliche W\u00fcrdigung, die der F\u00f6rderverein der beruflichen Schule auf dem Ludwigsburger R\u00f6merh\u00fcgel ausrichtet und veranstaltet, fand in diesem Jahr am 19. Juli in der Aula der OWS statt.<\/p>\n<hr \/>\n<p style=\"text-align: justify;\">\n","protected":false},"excerpt":{"rendered":"<p>Alle Pr\u00fcfungen sind endlich geschafft! Die \u00fcbergro\u00dfe Erleichterung nach drei Jahren Ausbildungszeit und dem zur\u00fcck liegenden Pr\u00fcfungsstress war den jungen Medizinischen und Zahnmedizinischen Fachangestellten sichtlich anzusehen. Mit Stolz und gro\u00dfem Freudestrahlen nahmen sie am Mittwoch, den 18. Juli 2018, in Anwesenheit von Vertretern der Bezirks\u00e4rzte- und Bezirkszahn\u00e4rztekammern sowie ihrer Lehrkr\u00e4fte, Eltern, Freunde und Ausbilder ihre [&hellip;]<\/p>\n","protected":false},"author":4,"featured_media":0,"comment_status":"closed","ping_status":"open","sticky":false,"template":"","format":"standard","meta":{"inline_featured_image":false,"_exactmetrics_skip_tracking":false,"_exactmetrics_sitenote_active":false,"_exactmetrics_sitenote_note":"","_exactmetrics_sitenote_category":0,"tdm_status":"","tdm_grid_status":"","footnotes":""},"categories":[59,65],"tags":[8875,5,6,68,498,4823],"class_list":{"0":"post-145997","1":"post","2":"type-post","3":"status-publish","4":"format-standard","6":"category-aktuell","7":"category-kreis_ludwigsburg","8":"tag-die-webzeitung","9":"tag-internetzeitung","10":"tag-ludwigsburg","11":"tag-online-zeitung","12":"tag-oscar-walcker-schule","13":"tag-ows"},"image_feature":null,"author_name":"Redaktion","pure_taxonomies":{"categories":[{"term_id":59,"name":"Aktuell","slug":"aktuell","term_group":0,"term_taxonomy_id":60,"taxonomy":"category","description":"","parent":0,"count":1175,"filter":"raw","image":""},{"term_id":65,"name":"Kreis Ludwigsburg","slug":"kreis_ludwigsburg","term_group":0,"term_taxonomy_id":66,"taxonomy":"category","description":"","parent":171,"count":630,"filter":"raw","image":""}],"tags":[{"term_id":8875,"name":"Die-Webzeitung","slug":"die-webzeitung","term_group":0,"term_taxonomy_id":8876,"taxonomy":"post_tag","description":"","parent":0,"count":4255,"filter":"raw","image":""},{"term_id":5,"name":"Internetzeitung","slug":"internetzeitung","term_group":0,"term_taxonomy_id":5,"taxonomy":"post_tag","description":"","parent":0,"count":1533,"filter":"raw","image":""},{"term_id":6,"name":"Ludwigsburg","slug":"ludwigsburg","term_group":0,"term_taxonomy_id":6,"taxonomy":"post_tag","description":"","parent":0,"count":1352,"filter":"raw","image":""},{"term_id":68,"name":"Online-Zeitung","slug":"online-zeitung","term_group":0,"term_taxonomy_id":69,"taxonomy":"post_tag","description":"","parent":0,"count":4204,"filter":"raw","image":""},{"term_id":498,"name":"Oscar-Walcker-Schule","slug":"oscar-walcker-schule","term_group":0,"term_taxonomy_id":505,"taxonomy":"post_tag","description":"","parent":0,"count":5,"filter":"raw","image":""},{"term_id":4823,"name":"OWS","slug":"ows","term_group":0,"term_taxonomy_id":4840,"taxonomy":"post_tag","description":"","parent":0,"count":4,"filter":"raw","image":""}]},"_links":{"self":[{"href":"https:\/\/die-webzeitung.de\/ludwigsburg\/wp-json\/wp\/v2\/posts\/145997","targetHints":{"allow":["GET"]}}],"collection":[{"href":"https:\/\/die-webzeitung.de\/ludwigsburg\/wp-json\/wp\/v2\/posts"}],"about":[{"href":"https:\/\/die-webzeitung.de\/ludwigsburg\/wp-json\/wp\/v2\/types\/post"}],"author":[{"embeddable":true,"href":"https:\/\/die-webzeitung.de\/ludwigsburg\/wp-json\/wp\/v2\/users\/4"}],"replies":[{"embeddable":true,"href":"https:\/\/die-webzeitung.de\/ludwigsburg\/wp-json\/wp\/v2\/comments?post=145997"}],"version-history":[{"count":1,"href":"https:\/\/die-webzeitung.de\/ludwigsburg\/wp-json\/wp\/v2\/posts\/145997\/revisions"}],"predecessor-version":[{"id":146000,"href":"https:\/\/die-webzeitung.de\/ludwigsburg\/wp-json\/wp\/v2\/posts\/145997\/revisions\/146000"}],"wp:attachment":[{"href":"https:\/\/die-webzeitung.de\/ludwigsburg\/wp-json\/wp\/v2\/media?parent=145997"}],"wp:term":[{"taxonomy":"category","embeddable":true,"href":"https:\/\/die-webzeitung.de\/ludwigsburg\/wp-json\/wp\/v2\/categories?post=145997"},{"taxonomy":"post_tag","embeddable":true,"href":"https:\/\/die-webzeitung.de\/ludwigsburg\/wp-json\/wp\/v2\/tags?post=145997"}],"curies":[{"name":"wp","href":"https:\/\/api.w.org\/{rel}","templated":true}]}}