{"id":137562,"date":"2026-04-23T10:05:31","date_gmt":"2026-04-23T09:05:31","guid":{"rendered":"http:\/\/die-webzeitung.de\/ludwigsburg\/?p=125819"},"modified":"2026-04-23T14:47:29","modified_gmt":"2026-04-23T13:47:29","slug":"glasperlenspiel-in-der-kw-43-2","status":"publish","type":"post","link":"https:\/\/die-webzeitung.de\/ludwigsburg\/2026\/04\/23\/glasperlenspiel-in-der-kw-43-2\/","title":{"rendered":"Glasperlenspiel &#8211; Das Programm"},"content":{"rendered":"<p style=\"text-align: justify;\"><strong>Musik<br \/>\n<\/strong><strong>Shakti und Matze (Mon Mari et Moi): Testsieger!<br \/>\n<\/strong>Auf hunderten Konzert-Abenden in ganz Deutschland haben Shakti und Matze ihr Publikum auf andere Gedanken gebracht und dabei ihre neuen Lieder einer strengen Pr\u00fcfung unterzogen. Viele unterschiedliche Testh\u00f6rerinnen und Testh\u00f6rern haben dieses Mal zur Liedauswahl beigetragen. So ist ihr Programm \u00bbTestsieger\u00ab entstanden. Alltags-Poesie vom Allerfeinsten. Getestet und get\u00fcvt. Es geht um schnell vergessene gute Vors\u00e4tze, das richtige Pink, Sieben-Zonen-Tonnen-Taschen-Federkernmatratzen, nat\u00fcrlich um die Nachbarn, diesmal sogar um die Liebe und um ein Abschiedslied f\u00fcr Menschen, die noch immer \u00bbTsch\u00fcssikowski\u00ab sagen. Du wirst dich in ihren Liedern und Geschichten bestimmt wiederfinden. Umrahmt werden die Lieder von wunderlich-witzigen Erz\u00e4hlungen. Kein Wunder, dass sie deshalb auch immer wieder in die Musik-Kabarett-Schublade einsortiert werden oder 2024 den Comedy-Preis \u00bbBelziger Bachstelze\u00ab gewonnen haben.<br \/>\n<strong>Freitag, 24.04. \u2013 20.00 Uhr &#8211; Eintritt: \u20ac 20,\u2013*<\/strong><\/p>\n<p style=\"text-align: justify;\"><strong>Musik<br \/>\n<\/strong><strong>Die Grabowskis: Die unteren 10.000<br \/>\n<\/strong>In ihren abendlichen Konzerten, die sie an den Orten geben, an denen sie nachmittags bei Glockenschlag herablassend ihre Kundschaft dahin versenken wo sie die Radieschen von unten besser sehen k\u00f6nnen, zeigen sie eine ungew\u00f6hnliche Kombination aus Stimmgewalt, Situationskomik, Wortwitz und tiefgr\u00fcndigen Momenten. Jens Heckermann (bekannt als \u201ePelvis\u201c von der A-Cappella Gruppe F\u00fcenf), James Geier (Teil des Comedytrios Backblech) und Thomas Weber (Gr\u00fcnder des Theaters KABIriNETT) bilden zusammen ein einzigartiges Ensemble. Sie bringen ihre jahrelange B\u00fchnenerfahrung und ihre vielf\u00e4ltigen musikalischen und urkomischen Talente jetzt gemeinsam auf die B\u00fchne. Jens Heckermann beeindruckt mit seiner pr\u00e4senten Vokalpower, James Geier mit seinem musikalischen K\u00f6nnen und seiner bebenden Tonsicherheit und Thomas Weber mit seinem scharfen Wortwitz und seiner Fistelgesangsstimme. Zusammen strahlen sie auf der B\u00fchne eine gro\u00dfe Herzensw\u00e4rme aus und schaffen es, das Publikum mitzurei\u00dfen und zum Lachen zu bringen. Ein Abend voller Sprachwitz, Dynamik und Tiefgr\u00fcndigkeit mit den Grabowskis.\u00a0 Rabenschwarz und zum Totlachen komisch, aber auch voller Doppelb\u00f6digkeit und Moral oder war es bodenlos und mit Doppelmoral? Wurst! Die drei lustigsten Totengr\u00e4ber der Welt bieten mit ihren Liedern und Geschichten \u00fcber freche Witwen und kalte Knochen ein gro\u00dfartiges Comedyerlebnis.<br \/>\n<strong>Ausverkauft &#8211; Samstag, 25.04. \u2013 20.00 Uhr \u2013 Eintritt: \u20ac 20,-*<\/strong><\/p>\n<p style=\"text-align: justify;\"><strong>Kabarett<br \/>\n<\/strong><strong>Ren\u00e9 Sydow &amp; Christian Miedreich: M\u00e4nner von Welt<br \/>\n<\/strong><strong>Was ist deutsch? Goethe und Schiller? Merz und April? Hinz und Kunz?<br \/>\n<\/strong>Wo Dichter und Denker verstummt sind, m\u00fcssen die Satiriker eingreifen und eine Bestandsaufnahme der deutschen Seele liefern. Christian Miedreich und Ren\u00e9 Sydow spielen in ihrem ersten gemeinsamen Kabarettprogramm deutsche Archetypen und solche, die es werden wollen. Vom schw\u00e4bischen Familienvater bis zum Kioskbesitzer aus dem Ruhrpott, vom Sch\u00f6nheitschirurgen bis zum Taxifahrer aus \u2013 nun &#8211; wahrscheinlich jeder Gro\u00dfstadt. Vielleicht schauen auch historische Prominente vorbei. Vielleicht wird es entlarvend, vielleicht bitter, so oder so wird es politisches Kabarett mit deutscher Gr\u00fcndlichkeit, aber ohne Deutscht\u00fcmelei, schlie\u00dflich sind die beiden Satiriker ja M\u00e4nner von Welt. Und wenn Sie als Nicht-Deutscher das Gef\u00fchl haben, dass Ihnen diese Typen bekannt vorkommen, dann w\u00e4re es m\u00f6glich, dass wir Europ\u00e4er vielleicht doch mehr miteinander gemein haben, als es auf den ersten Blick scheint.<br \/>\n<strong>Sonntag, 26.04. \u2013 19.00 Uhr \u2013 Eintritt: \u20ac 20,-*<\/strong><\/p>\n<p style=\"text-align: justify;\"><strong>Walpurgisnacht<br \/>\n<\/strong><strong>Sebastian Kr\u00e4mer und Timo Brunke: Zackebuh 2.0<br \/>\n<\/strong>Schauer ist rar geworden auf deutschen B\u00fchnen. Comedians und Kabarettisten bem\u00fchen sich ausschlie\u00dflich um Affizierung des Zwerchfells, allenfalls mag es ihnen noch um den Hals zu tun sein, in dem einem das Lachen stecken bleibt bei allzu bitteren Sp\u00e4\u00dfen. Doch kaum einer bringt das Herz zum Rasen oder beherrscht noch die Kunst, da\u00df es uns kalt den R\u00fccken hinunter l\u00e4uft \u2026 Brunke und Kr\u00e4mer, Liederdichter und Sprachkomponisten ganz eigenen Ranges, sind angesichts einer allzu gleichf\u00f6rmigen Kleinkunstlandschaft schnell auf einander aufmerksam geworden. Dass sie die Kr\u00e4fte ihrer Sprachmagie an einem Abend b\u00fcndeln, geschieht zu seltenen, aber denkw\u00fcrdigen Gelegenheiten. Was diesen Herrn nicht alles an Bildmacht, Detailf\u00fclle, Reim, Metrum, Diktion, musikalischem Ausdruck und Stimmgewalt zu Gebote steht, um in aller Gen\u00fc\u00dflichkeit und nur vor dem geistigen Auge des Zuschauers Szenarien zu entfalten, die schon vergessene Kammern der Seele aufschlie\u00dfen. Dazu bedarf es moderner Schauerballaden aus eigener Hexenk\u00fcche, die nicht mehr von F\u00fcrsten, goldenen Bechern und Seehavarien berichten, sondern einem Grauen, das in iPods, Mietsgaragen, Kleiderschr\u00e4nken, Fahrgesch\u00e4ften und Grundschulklassenzimmern auf uns wartet. Anschnallen und B\u00fcgel schlie\u00dfen, das wird ein rasanter Ritt!<br \/>\n<strong>Donnerstag, 30.04. \u2013 20.00 Uhr &#8211; Eintritt: \u20ac 20,\u2013*<\/strong><\/p>\n<p style=\"text-align: justify;\"><strong>Musik<br \/>\n<\/strong><strong>Indian Summer: Power Country<br \/>\n<\/strong>Die Country-Band mit dem besonderen Stil ist zur\u00fcck auf den B\u00fchnen im Lande. Vier gestandene Musiker, die mit voller \u00dcberzeugung diese Musik darbieten: Country-Rock und Country-Blues vom Allerfeinsten mit einer Solo-Gitarre die Seinesgleichen sucht. Nicht umsonst sagte man auch &#8211; Die schnellste Gitarre im Wilden S\u00fcden. Nach acht Jahren geht es wieder los. Und die Premiere findet im Asperger Glasperlenspiel statt. Diese Band spielt nicht den zarten, sondern den etwas h\u00e4rteren Country-Stil. Songs von Interpreten wie Alan Jackson, Garth Brooks, Albert Lee, Eric Clapton u.v.m. Kommt und \u00fcberzeugt euch selbst.<br \/>\n<strong>Samstag, 02.05. \u2013 20.00 Uhr \u2013 Eintritt: \u20ac 17,-*<\/strong><\/p>\n<hr \/>\n<ul>\n<li style=\"text-align: justify;\"><em>Bei den mit * gekennzeichneten Eintrittspreisen ist eine Erm\u00e4\u00dfigung um 2 Euro m\u00f6glich. Erm\u00e4\u00dfigungen gelten f\u00fcr Sch\u00fcler, Studenten, Schwerbehinderte und Mitglieder. Gruppen ab 10 Personen erhalten den erm\u00e4\u00dfigten Preis. Die Karten m\u00fcssen im Vorverkauf erworben werden.<\/em><\/li>\n<li style=\"text-align: justify;\">Alle Infos:\u00a0 <a href=\"http:\/\/www.glasperlenspiel.de\" target=\"_blank\" rel=\"noopener noreferrer\">www.glasperlenspiel.de<\/a><\/li>\n<\/ul>\n<hr \/>\n","protected":false},"excerpt":{"rendered":"<p>Musik Shakti und Matze (Mon Mari et Moi): Testsieger! Auf hunderten Konzert-Abenden in ganz Deutschland haben Shakti und Matze ihr Publikum auf andere Gedanken gebracht und dabei ihre neuen Lieder einer strengen Pr\u00fcfung unterzogen. Viele unterschiedliche Testh\u00f6rerinnen und Testh\u00f6rern haben dieses Mal zur Liedauswahl beigetragen. So ist ihr Programm \u00bbTestsieger\u00ab entstanden. Alltags-Poesie vom Allerfeinsten. Getestet [&hellip;]<\/p>\n","protected":false},"author":4,"featured_media":155673,"comment_status":"closed","ping_status":"open","sticky":false,"template":"","format":"standard","meta":{"inline_featured_image":false,"_exactmetrics_skip_tracking":false,"_exactmetrics_sitenote_active":false,"_exactmetrics_sitenote_note":"","_exactmetrics_sitenote_category":0,"tdm_status":"","tdm_grid_status":"","footnotes":""},"categories":[8004],"tags":[8875,1844,68,9],"class_list":{"0":"post-137562","1":"post","2":"type-post","3":"status-publish","4":"format-standard","5":"has-post-thumbnail","7":"category-buehne","8":"tag-die-webzeitung","9":"tag-glasperlenspiel","10":"tag-online-zeitung","11":"tag-schaumedia"},"image_feature":"https:\/\/die-webzeitung.de\/ludwigsburg\/wp-content\/uploads\/sites\/5\/2020\/03\/Glasperlenspiel-Foto-GPS.jpg","author_name":"Redaktion","pure_taxonomies":{"categories":[{"term_id":8004,"name":"B\u00fchne","slug":"buehne","term_group":0,"term_taxonomy_id":1851,"taxonomy":"category","description":"","parent":2238,"count":7,"filter":"raw","image":""}],"tags":[{"term_id":8875,"name":"Die-Webzeitung","slug":"die-webzeitung","term_group":0,"term_taxonomy_id":8876,"taxonomy":"post_tag","description":"","parent":0,"count":4249,"filter":"raw","image":""},{"term_id":1844,"name":"Glasperlenspiel","slug":"glasperlenspiel","term_group":0,"term_taxonomy_id":1853,"taxonomy":"post_tag","description":"","parent":0,"count":2,"filter":"raw","image":""},{"term_id":68,"name":"Online-Zeitung","slug":"online-zeitung","term_group":0,"term_taxonomy_id":69,"taxonomy":"post_tag","description":"","parent":0,"count":4198,"filter":"raw","image":""},{"term_id":9,"name":"SchauMedia","slug":"schaumedia","term_group":0,"term_taxonomy_id":9,"taxonomy":"post_tag","description":"","parent":0,"count":1582,"filter":"raw","image":""}]},"_links":{"self":[{"href":"https:\/\/die-webzeitung.de\/ludwigsburg\/wp-json\/wp\/v2\/posts\/137562","targetHints":{"allow":["GET"]}}],"collection":[{"href":"https:\/\/die-webzeitung.de\/ludwigsburg\/wp-json\/wp\/v2\/posts"}],"about":[{"href":"https:\/\/die-webzeitung.de\/ludwigsburg\/wp-json\/wp\/v2\/types\/post"}],"author":[{"embeddable":true,"href":"https:\/\/die-webzeitung.de\/ludwigsburg\/wp-json\/wp\/v2\/users\/4"}],"replies":[{"embeddable":true,"href":"https:\/\/die-webzeitung.de\/ludwigsburg\/wp-json\/wp\/v2\/comments?post=137562"}],"version-history":[{"count":407,"href":"https:\/\/die-webzeitung.de\/ludwigsburg\/wp-json\/wp\/v2\/posts\/137562\/revisions"}],"predecessor-version":[{"id":181266,"href":"https:\/\/die-webzeitung.de\/ludwigsburg\/wp-json\/wp\/v2\/posts\/137562\/revisions\/181266"}],"wp:featuredmedia":[{"embeddable":true,"href":"https:\/\/die-webzeitung.de\/ludwigsburg\/wp-json\/wp\/v2\/media\/155673"}],"wp:attachment":[{"href":"https:\/\/die-webzeitung.de\/ludwigsburg\/wp-json\/wp\/v2\/media?parent=137562"}],"wp:term":[{"taxonomy":"category","embeddable":true,"href":"https:\/\/die-webzeitung.de\/ludwigsburg\/wp-json\/wp\/v2\/categories?post=137562"},{"taxonomy":"post_tag","embeddable":true,"href":"https:\/\/die-webzeitung.de\/ludwigsburg\/wp-json\/wp\/v2\/tags?post=137562"}],"curies":[{"name":"wp","href":"https:\/\/api.w.org\/{rel}","templated":true}]}}